{"id":24540,"date":"2015-09-17T01:34:14","date_gmt":"2015-09-17T00:34:14","guid":{"rendered":"http:\/\/2horizontes.com\/?p=24540"},"modified":"2015-09-17T01:34:14","modified_gmt":"2015-09-17T00:34:14","slug":"cancilleria-llama-a-consulta-embajador-dominicano-acreditado-en-haiti","status":"publish","type":"post","link":"https:\/\/2horizontes.com\/?p=24540","title":{"rendered":"Canciller\u00eda llama a consulta embajador dominicano acreditado en Hait\u00ed"},"content":{"rendered":"<div id=\"ArticleBody\">\n<p>RD- SANTO DOMINGO-El Ministerio de Relaciones Exteriores inform\u00f3 hoy la decisi\u00f3n del gobierno dominicano de llamar a consulta al embajador dominicano acreditado en Hait\u00ed, Rub\u00e9n Sili\u00e9, adem\u00e1s de hacer reserva de otras medidas diplom\u00e1ticas, como respuesta al anuncio del Ministerio de Econom\u00eda y Finanzas haitiano de\u00a0 prohibir la importaci\u00f3n de 23 productos criollos a partir del primero de octubre pr\u00f3ximo.<\/p>\n<p>La informaci\u00f3n se dio a conocer a trav\u00e9s de un comunicado en el que se informa, que de ser ejecutada la restricci\u00f3n implicar\u00e1 violaciones a los compromisos binacionales asumidos entre ambas naciones, como es el caso del Memorando de Entendimiento sobre las Relaciones Comerciales suscrito entre la Rep\u00fablica Dominicana y la Rep\u00fablica de Hait\u00ed en fecha 10 de julio de 2014, el cual espec\u00edficamente en su Art\u00edculo 12 establece que: \u201clas partes notificar\u00e1n cualquier norma e instrumento legal relativo al comercio antes de su puesta en pr\u00e1ctica y en un tiempo oportuno a los ministerios a cargo de la industria y el comercio\u201d, procedimiento que no ha sido agotado por el Gobierno haitiano.<\/p>\n<p>Asegur\u00f3 que de ser materializada la decisi\u00f3n anunciada por el Ministerio de Econom\u00eda y Finanzas, el Gobierno haitiano estar\u00e1 dificultando a\u00fan m\u00e1s las posibilidades de reactivar el di\u00e1logo y la cooperaci\u00f3n binacional, actualmente afectados, y esto se agrava en la medida en que no se recibe de las autoridades haitianas ninguna comunicaci\u00f3n formal de la medida en cuesti\u00f3n.<\/p>\n<p>Expuso que esa medida representa violaciones a los compromisos internacionales asumidos por ambos pa\u00edses ante la Organizaci\u00f3n Mundial del Comercio (OMC).<\/p>\n<p>Record\u00f3 que la acci\u00f3n implica una limitaci\u00f3n al comercio v\u00eda terrestre entre ambos pa\u00edses, resultando la misma discriminatoria para Rep\u00fablica Dominicana, por ser el \u00fanico pa\u00eds que hace frontera con la Rep\u00fablica de Hait\u00ed, por tanto ser\u00edamos el \u00fanico pa\u00eds de la OMC, al cual le estar\u00eda afectando dicha prohibici\u00f3n.<\/p>\n<p>La Canciller\u00eda refiri\u00f3 que el gobierno dominicano se mantiene en la mejor disposici\u00f3n de propiciar unas relaciones armoniosas con el gobierno haitiano, en el marco del proceso de los trabajo de la Comisi\u00f3n Mixta Bilateral.<\/p>\n<\/div>\n<div><\/div>\n<p>&nbsp;<\/p>\n","protected":false},"excerpt":{"rendered":"<p>RD- SANTO DOMINGO-El Ministerio de Relaciones Exteriores inform\u00f3 hoy la decisi\u00f3n del gobierno dominicano de llamar a consulta al embajador dominicano acreditado en Hait\u00ed, Rub\u00e9n Sili\u00e9, adem\u00e1s de hacer reserva de otras medidas diplom\u00e1ticas, como respuesta al anuncio del Ministerio de Econom\u00eda y Finanzas haitiano de\u00a0 prohibir la importaci\u00f3n de 23 productos criollos a partir [&hellip;]<\/p>\n","protected":false},"author":8,"featured_media":24541,"comment_status":"open","ping_status":"open","sticky":false,"template":"","format":"standard","meta":{"footnotes":""},"categories":[47,44],"tags":[],"class_list":["post-24540","post","type-post","status-publish","format-standard","has-post-thumbnail","hentry","category-haiti","category-republica-dominicana"],"_links":{"self":[{"href":"https:\/\/2horizontes.com\/index.php?rest_route=\/wp\/v2\/posts\/24540","targetHints":{"allow":["GET"]}}],"collection":[{"href":"https:\/\/2horizontes.com\/index.php?rest_route=\/wp\/v2\/posts"}],"about":[{"href":"https:\/\/2horizontes.com\/index.php?rest_route=\/wp\/v2\/types\/post"}],"author":[{"embeddable":true,"href":"https:\/\/2horizontes.com\/index.php?rest_route=\/wp\/v2\/users\/8"}],"replies":[{"embeddable":true,"href":"https:\/\/2horizontes.com\/index.php?rest_route=%2Fwp%2Fv2%2Fcomments&post=24540"}],"version-history":[{"count":1,"href":"https:\/\/2horizontes.com\/index.php?rest_route=\/wp\/v2\/posts\/24540\/revisions"}],"predecessor-version":[{"id":24542,"href":"https:\/\/2horizontes.com\/index.php?rest_route=\/wp\/v2\/posts\/24540\/revisions\/24542"}],"wp:featuredmedia":[{"embeddable":true,"href":"https:\/\/2horizontes.com\/index.php?rest_route=\/wp\/v2\/media\/24541"}],"wp:attachment":[{"href":"https:\/\/2horizontes.com\/index.php?rest_route=%2Fwp%2Fv2%2Fmedia&parent=24540"}],"wp:term":[{"taxonomy":"category","embeddable":true,"href":"https:\/\/2horizontes.com\/index.php?rest_route=%2Fwp%2Fv2%2Fcategories&post=24540"},{"taxonomy":"post_tag","embeddable":true,"href":"https:\/\/2horizontes.com\/index.php?rest_route=%2Fwp%2Fv2%2Ftags&post=24540"}],"curies":[{"name":"wp","href":"https:\/\/api.w.org\/{rel}","templated":true}]}}