{"id":24530,"date":"2015-09-16T13:50:19","date_gmt":"2015-09-16T12:50:19","guid":{"rendered":"http:\/\/2horizontes.com\/?p=24530"},"modified":"2015-09-16T13:50:19","modified_gmt":"2015-09-16T12:50:19","slug":"fomento-anuncia-que-habra-wifi-gratis-en-los-aeropuertos-en-menos-de-dos-meses","status":"publish","type":"post","link":"https:\/\/2horizontes.com\/?p=24530","title":{"rendered":"Fomento anuncia que habr\u00e1 wifi gratis en los aeropuertos en menos de dos meses"},"content":{"rendered":"<p>La ministra de Fomento, Ana Pastor, ha anunciado este martes que el wifi gratis en los aeropuertos espa\u00f1oles se pondr\u00e1 en marcha en menos de dos meses y ha avanzado que m\u00e1s de 33 millones de viajeros utilizar\u00e1n el AVE y la larga distancia en 2016, cuando se espera 200 millones de pasajeros en los aeropuertos.<\/p>\n<p>En el pleno del Congreso de los Diputados para debatir los presupuestos, Pastor ha a\u00f1adido que hasta agosto ya se han subido m\u00e1s viajeros al AVE que en un a\u00f1o completo de la anterior legislatura gracias a la nueva pol\u00edtica comercial y tarifaria.<\/p>\n<p>Adem\u00e1s, en lo que va de a\u00f1o, el eje Atl\u00e1ntico ferroviario ha recibido m\u00e1s de un mill\u00f3n de viajeros, lo que arroja un crecimiento del 15 %, seg\u00fan Pastor, quien ha desvelado que hay un estudio y un proyecto para una l\u00ednea de alta velocidad a Cantabria.<\/p>\n<p>Con respecto al plan de Cercan\u00edas, 27 actuaciones ya han finalizado y 57 est\u00e1n en ejecuci\u00f3n. Asimismo, se prev\u00e9 que Renfe salga de p\u00e9rdidas y logre un resultado positivo de 4,9 millones de euros, ha avanzado.<\/p>\n<p>En carreteras, ha dicho que Fomento est\u00e1 analizando junto a la Generalitat de Catalu\u00f1a medidas para la bonificaci\u00f3n de peajes a veh\u00edculos pesados en la carretera nacional N-340 y el desv\u00edo por la AP-7, as\u00ed como otro tipo de actuaciones entre las que destaca la mejora de la se\u00f1alizaci\u00f3n.<\/p>\n<p>Adem\u00e1s, ha dicho que se lograr\u00e1 que tres grandes corredores no tengan cortes: el Mediterr\u00e1neo, Cant\u00e1brico y el Eje Norte-Sur.<\/p>\n<p>Fomento seguir\u00e1 tambi\u00e9n con la renovaci\u00f3n de las concesiones de autobuses y la mejora de los pliegos de los contratos de concesiones para que algunas l\u00edneas vayan a aeropuertos o estaciones de tren, ha dicho.<\/p>\n","protected":false},"excerpt":{"rendered":"<p>La ministra de Fomento, Ana Pastor, ha anunciado este martes que el wifi gratis en los aeropuertos espa\u00f1oles se pondr\u00e1 en marcha en menos de dos meses y ha avanzado que m\u00e1s de 33 millones de viajeros utilizar\u00e1n el AVE y la larga distancia en 2016, cuando se espera 200 millones de pasajeros en los [&hellip;]<\/p>\n","protected":false},"author":3,"featured_media":24531,"comment_status":"open","ping_status":"open","sticky":false,"template":"","format":"standard","meta":{"footnotes":""},"categories":[1,85],"tags":[],"class_list":["post-24530","post","type-post","status-publish","format-standard","has-post-thumbnail","hentry","category-entretenimiento","category-espana"],"_links":{"self":[{"href":"https:\/\/2horizontes.com\/index.php?rest_route=\/wp\/v2\/posts\/24530","targetHints":{"allow":["GET"]}}],"collection":[{"href":"https:\/\/2horizontes.com\/index.php?rest_route=\/wp\/v2\/posts"}],"about":[{"href":"https:\/\/2horizontes.com\/index.php?rest_route=\/wp\/v2\/types\/post"}],"author":[{"embeddable":true,"href":"https:\/\/2horizontes.com\/index.php?rest_route=\/wp\/v2\/users\/3"}],"replies":[{"embeddable":true,"href":"https:\/\/2horizontes.com\/index.php?rest_route=%2Fwp%2Fv2%2Fcomments&post=24530"}],"version-history":[{"count":1,"href":"https:\/\/2horizontes.com\/index.php?rest_route=\/wp\/v2\/posts\/24530\/revisions"}],"predecessor-version":[{"id":24532,"href":"https:\/\/2horizontes.com\/index.php?rest_route=\/wp\/v2\/posts\/24530\/revisions\/24532"}],"wp:featuredmedia":[{"embeddable":true,"href":"https:\/\/2horizontes.com\/index.php?rest_route=\/wp\/v2\/media\/24531"}],"wp:attachment":[{"href":"https:\/\/2horizontes.com\/index.php?rest_route=%2Fwp%2Fv2%2Fmedia&parent=24530"}],"wp:term":[{"taxonomy":"category","embeddable":true,"href":"https:\/\/2horizontes.com\/index.php?rest_route=%2Fwp%2Fv2%2Fcategories&post=24530"},{"taxonomy":"post_tag","embeddable":true,"href":"https:\/\/2horizontes.com\/index.php?rest_route=%2Fwp%2Fv2%2Ftags&post=24530"}],"curies":[{"name":"wp","href":"https:\/\/api.w.org\/{rel}","templated":true}]}}