{"id":24510,"date":"2015-09-16T13:30:27","date_gmt":"2015-09-16T12:30:27","guid":{"rendered":"http:\/\/2horizontes.com\/?p=24510"},"modified":"2015-09-16T13:30:27","modified_gmt":"2015-09-16T12:30:27","slug":"benitez-quedo-preocupado-por-lesion-de-bale","status":"publish","type":"post","link":"https:\/\/2horizontes.com\/?p=24510","title":{"rendered":"Ben\u00edtez qued\u00f3 preocupado por lesi\u00f3n de Bale"},"content":{"rendered":"<p>MADRID.- Rafa Ben\u00edtez, t\u00e9cnico del Real Madrid, se mostr\u00f3 m\u00e1s preocupado por la lesi\u00f3n muscular del gal\u00e9s Gareth Bale, que por los golpes recibidos por Sergio Ramos y el franc\u00e9s Raphael Varane que tambi\u00e9n les impidieron acabar el partido de Liga de Campeones ante el Shakhtar.<\/p>\n<p>\u00abBale ha tenido un espasmo en el s\u00f3leo, en un gemelo, hay que esperar uno o dos d\u00edas para saber el alcance de esa molestia. Varane y Sergio han tenido golpes, hay que esperar. Soy m\u00e1s optimista pero en todos los casos hay que esperar un poquito\u00bb, confirm\u00f3 Ben\u00edtez en rueda de prensa.<\/p>\n<p>\u00abVarane como Sergio son dos golpes, soy optimista. En Sergio es una zona en clav\u00edcula por la que hay que esperar un poco y Varane en la zona del peroneo un golpe fuerte, no ser\u00e1 muy grave pero hay que ver como evoluciona en dos d\u00edas, como reacciona y depende de la tolerancia al dolor que tenga\u00bb, a\u00f1adi\u00f3.<\/p>\n<p>Los tres jugadores lesionados se suman al colombiano James Rodr\u00edguez y el brasile\u00f1o Danilo en la enfermer\u00eda. Sin embargo Ben\u00edtez defendi\u00f3 que no hay preocupaci\u00f3n y que no hay plaga de lesiones por exceso de carga f\u00edsica en entrenamientos.<\/p>\n<p>\u00abNo me preocupa, porque hemos tenido muy pocos lesionados durante todo este tiempo. Hoy, han sido dos golpes tanto Sergio como Varane. El equipo est\u00e1 bien f\u00edsicamente y tenemos a la gente bastante sana en general\u00bb, sentenci\u00f3.<\/p>\n","protected":false},"excerpt":{"rendered":"<p>MADRID.- Rafa Ben\u00edtez, t\u00e9cnico del Real Madrid, se mostr\u00f3 m\u00e1s preocupado por la lesi\u00f3n muscular del gal\u00e9s Gareth Bale, que por los golpes recibidos por Sergio Ramos y el franc\u00e9s Raphael Varane que tambi\u00e9n les impidieron acabar el partido de Liga de Campeones ante el Shakhtar. \u00abBale ha tenido un espasmo en el s\u00f3leo, en [&hellip;]<\/p>\n","protected":false},"author":3,"featured_media":24511,"comment_status":"open","ping_status":"open","sticky":false,"template":"","format":"standard","meta":{"footnotes":""},"categories":[42],"tags":[],"class_list":["post-24510","post","type-post","status-publish","format-standard","has-post-thumbnail","hentry","category-deportes"],"_links":{"self":[{"href":"https:\/\/2horizontes.com\/index.php?rest_route=\/wp\/v2\/posts\/24510","targetHints":{"allow":["GET"]}}],"collection":[{"href":"https:\/\/2horizontes.com\/index.php?rest_route=\/wp\/v2\/posts"}],"about":[{"href":"https:\/\/2horizontes.com\/index.php?rest_route=\/wp\/v2\/types\/post"}],"author":[{"embeddable":true,"href":"https:\/\/2horizontes.com\/index.php?rest_route=\/wp\/v2\/users\/3"}],"replies":[{"embeddable":true,"href":"https:\/\/2horizontes.com\/index.php?rest_route=%2Fwp%2Fv2%2Fcomments&post=24510"}],"version-history":[{"count":1,"href":"https:\/\/2horizontes.com\/index.php?rest_route=\/wp\/v2\/posts\/24510\/revisions"}],"predecessor-version":[{"id":24512,"href":"https:\/\/2horizontes.com\/index.php?rest_route=\/wp\/v2\/posts\/24510\/revisions\/24512"}],"wp:featuredmedia":[{"embeddable":true,"href":"https:\/\/2horizontes.com\/index.php?rest_route=\/wp\/v2\/media\/24511"}],"wp:attachment":[{"href":"https:\/\/2horizontes.com\/index.php?rest_route=%2Fwp%2Fv2%2Fmedia&parent=24510"}],"wp:term":[{"taxonomy":"category","embeddable":true,"href":"https:\/\/2horizontes.com\/index.php?rest_route=%2Fwp%2Fv2%2Fcategories&post=24510"},{"taxonomy":"post_tag","embeddable":true,"href":"https:\/\/2horizontes.com\/index.php?rest_route=%2Fwp%2Fv2%2Ftags&post=24510"}],"curies":[{"name":"wp","href":"https:\/\/api.w.org\/{rel}","templated":true}]}}