{"id":24500,"date":"2015-09-16T13:21:03","date_gmt":"2015-09-16T12:21:03","guid":{"rendered":"http:\/\/2horizontes.com\/?p=24500"},"modified":"2015-09-16T13:21:03","modified_gmt":"2015-09-16T12:21:03","slug":"cuba-importara-vagones-de-ferrocarril-a-rusia","status":"publish","type":"post","link":"https:\/\/2horizontes.com\/?p=24500","title":{"rendered":"Cuba importar\u00e1 vagones de ferrocarril a Rusia"},"content":{"rendered":"<p>Rusia<\/p>\n<p>En la sede de la Embajada de la Rep\u00fablica de Cuba en la Federaci\u00f3n de Rusia, tuvo lugar la firma de un importante <strong>Contrato comercial para el suministro a Cuba de 363 vagones de ferrocarril, que incluye 163 tolvas para el mejor desarrollo de nuestra zafra azucarera.<\/strong><\/p>\n<p>El Valor del Contrato fue firmado por el Director de TRADEX, empresa importadora cubana del MITRANS, Cro. Jose Antonio Arias Garc\u00eda y por la empresa rusa suministradora de dichos equipos, \u201cRM-Rail\u201d, por el Sr. Andrey Vodopyanov, Director de desarrollo de negocios de dicha entidad.<\/p>\n<p>En la ceremonia de firma del Contrato de suministro, estuvo presente el Embajador Extraordinario y plenipotenciario de la Rep\u00fablica de Cuba en la Federaci\u00f3n de Rusia, Emilio Lozada Garc\u00eda, adem\u00e1s de otros funcionarios de la Embajada y directivos del Banco Internacional de Comercio Exterior S.A. (\u201cBICSA\u201d).<\/p>\n<p>F. Cubadebate.<\/p>\n","protected":false},"excerpt":{"rendered":"<p>Rusia En la sede de la Embajada de la Rep\u00fablica de Cuba en la Federaci\u00f3n de Rusia, tuvo lugar la firma de un importante Contrato comercial para el suministro a Cuba de 363 vagones de ferrocarril, que incluye 163 tolvas para el mejor desarrollo de nuestra zafra azucarera. El Valor del Contrato fue firmado por [&hellip;]<\/p>\n","protected":false},"author":7,"featured_media":24501,"comment_status":"open","ping_status":"open","sticky":false,"template":"","format":"standard","meta":{"footnotes":""},"categories":[49,63,40,43],"tags":[],"class_list":["post-24500","post","type-post","status-publish","format-standard","has-post-thumbnail","hentry","category-cuba","category-economia","category-internacionales","category-politica"],"_links":{"self":[{"href":"https:\/\/2horizontes.com\/index.php?rest_route=\/wp\/v2\/posts\/24500","targetHints":{"allow":["GET"]}}],"collection":[{"href":"https:\/\/2horizontes.com\/index.php?rest_route=\/wp\/v2\/posts"}],"about":[{"href":"https:\/\/2horizontes.com\/index.php?rest_route=\/wp\/v2\/types\/post"}],"author":[{"embeddable":true,"href":"https:\/\/2horizontes.com\/index.php?rest_route=\/wp\/v2\/users\/7"}],"replies":[{"embeddable":true,"href":"https:\/\/2horizontes.com\/index.php?rest_route=%2Fwp%2Fv2%2Fcomments&post=24500"}],"version-history":[{"count":1,"href":"https:\/\/2horizontes.com\/index.php?rest_route=\/wp\/v2\/posts\/24500\/revisions"}],"predecessor-version":[{"id":24503,"href":"https:\/\/2horizontes.com\/index.php?rest_route=\/wp\/v2\/posts\/24500\/revisions\/24503"}],"wp:featuredmedia":[{"embeddable":true,"href":"https:\/\/2horizontes.com\/index.php?rest_route=\/wp\/v2\/media\/24501"}],"wp:attachment":[{"href":"https:\/\/2horizontes.com\/index.php?rest_route=%2Fwp%2Fv2%2Fmedia&parent=24500"}],"wp:term":[{"taxonomy":"category","embeddable":true,"href":"https:\/\/2horizontes.com\/index.php?rest_route=%2Fwp%2Fv2%2Fcategories&post=24500"},{"taxonomy":"post_tag","embeddable":true,"href":"https:\/\/2horizontes.com\/index.php?rest_route=%2Fwp%2Fv2%2Ftags&post=24500"}],"curies":[{"name":"wp","href":"https:\/\/api.w.org\/{rel}","templated":true}]}}