{"id":24460,"date":"2015-09-15T22:55:12","date_gmt":"2015-09-15T21:55:12","guid":{"rendered":"http:\/\/2horizontes.com\/?p=24460"},"modified":"2015-09-15T22:56:06","modified_gmt":"2015-09-15T21:56:06","slug":"hector-acosta-el-torito-anuncia-retiro-de-la-politica","status":"publish","type":"post","link":"https:\/\/2horizontes.com\/?p=24460","title":{"rendered":"H\u00e9ctor Acosta (El Torito) anuncia retiro de la pol\u00edtica"},"content":{"rendered":"<p align=\"JUSTIFY\">RD-BONAO.-<b> <\/b>El merenguero H\u00e9ctor Acosta (El Torito) anunci\u00f3 su retiro definitivo de la actividad pol\u00edtica.<\/p>\n<p align=\"JUSTIFY\">Dijo que prefiere seguir con su m\u00fasica para beneficio de sus seguidores. \u201cLa pol\u00edtica pas\u00f3 para m\u00ed\u201d, sostuvo el artista.<\/p>\n<p align=\"JUSTIFY\">Manifest\u00f3 que se habl\u00f3 mucho en los medios de comunicaci\u00f3n del pa\u00eds sobre su incursi\u00f3n en las actividades partidistas, pero que definitivamente ya no volver\u00e1 a participar en pol\u00edtica con ninguna agrupaci\u00f3n.<\/p>\n<p align=\"JUSTIFY\">Meses atr\u00e1s El Torito estuvo siendo promovido como posible candidato a senador por el Partido Revolucionario Moderno (PRM) en la provincia Monse\u00f1or Nouel.<\/p>\n","protected":false},"excerpt":{"rendered":"<p>RD-BONAO.- El merenguero H\u00e9ctor Acosta (El Torito) anunci\u00f3 su retiro definitivo de la actividad pol\u00edtica. Dijo que prefiere seguir con su m\u00fasica para beneficio de sus seguidores. \u201cLa pol\u00edtica pas\u00f3 para m\u00ed\u201d, sostuvo el artista. Manifest\u00f3 que se habl\u00f3 mucho en los medios de comunicaci\u00f3n del pa\u00eds sobre su incursi\u00f3n en las actividades partidistas, pero [&hellip;]<\/p>\n","protected":false},"author":8,"featured_media":24461,"comment_status":"open","ping_status":"open","sticky":false,"template":"","format":"standard","meta":{"footnotes":""},"categories":[1,43,53,44],"tags":[],"class_list":["post-24460","post","type-post","status-publish","format-standard","has-post-thumbnail","hentry","category-entretenimiento","category-politica","category-provincias","category-republica-dominicana"],"_links":{"self":[{"href":"https:\/\/2horizontes.com\/index.php?rest_route=\/wp\/v2\/posts\/24460","targetHints":{"allow":["GET"]}}],"collection":[{"href":"https:\/\/2horizontes.com\/index.php?rest_route=\/wp\/v2\/posts"}],"about":[{"href":"https:\/\/2horizontes.com\/index.php?rest_route=\/wp\/v2\/types\/post"}],"author":[{"embeddable":true,"href":"https:\/\/2horizontes.com\/index.php?rest_route=\/wp\/v2\/users\/8"}],"replies":[{"embeddable":true,"href":"https:\/\/2horizontes.com\/index.php?rest_route=%2Fwp%2Fv2%2Fcomments&post=24460"}],"version-history":[{"count":1,"href":"https:\/\/2horizontes.com\/index.php?rest_route=\/wp\/v2\/posts\/24460\/revisions"}],"predecessor-version":[{"id":24462,"href":"https:\/\/2horizontes.com\/index.php?rest_route=\/wp\/v2\/posts\/24460\/revisions\/24462"}],"wp:featuredmedia":[{"embeddable":true,"href":"https:\/\/2horizontes.com\/index.php?rest_route=\/wp\/v2\/media\/24461"}],"wp:attachment":[{"href":"https:\/\/2horizontes.com\/index.php?rest_route=%2Fwp%2Fv2%2Fmedia&parent=24460"}],"wp:term":[{"taxonomy":"category","embeddable":true,"href":"https:\/\/2horizontes.com\/index.php?rest_route=%2Fwp%2Fv2%2Fcategories&post=24460"},{"taxonomy":"post_tag","embeddable":true,"href":"https:\/\/2horizontes.com\/index.php?rest_route=%2Fwp%2Fv2%2Ftags&post=24460"}],"curies":[{"name":"wp","href":"https:\/\/api.w.org\/{rel}","templated":true}]}}