{"id":24426,"date":"2015-09-15T20:49:43","date_gmt":"2015-09-15T19:49:43","guid":{"rendered":"http:\/\/2horizontes.com\/?p=24426"},"modified":"2015-09-15T20:49:43","modified_gmt":"2015-09-15T19:49:43","slug":"steisy-rota-de-dolor-llegue-a-tocarme-la-cara-para-ver-si-estaba-viva","status":"publish","type":"post","link":"https:\/\/2horizontes.com\/?p=24426","title":{"rendered":"Steisy, rota de dolor Llegu\u00e9 a tocarme la cara para ver si estaba viva"},"content":{"rendered":"<p>Emma tiene la sensaci\u00f3n de que Steisy tiene metida en su cabeza la idea de que ella no es buena persona y quer\u00eda seguir indagando en el tema porque ella sabe que la tronista ha tenido una infancia muy complicada.<\/p>\n<p>Con l\u00e1grimas en los ojos, Steisy ha intentado explicar que desde muy peque\u00f1ita le han metido muchos miedos en la cabeza porque ella era uno de los pilares de la familia y no se pod\u00eda desviar del camino.<\/p>\n<p>Llena de dolor, Steisy ha contado que su madre se separ\u00f3 cuando ella ten\u00eda solo cuatro a\u00f1os, con varias operaciones de la espalda y embarazada de su hermana peque\u00f1a.<\/p>\n<p>Una situaci\u00f3n muy dura en la que su madre intent\u00f3 que ella se hiciera una adulta con tan solo cuatro a\u00f1os y se convirtiera en la protectora de su hermana.<\/p>\n<p>Algo que Steisy intent\u00f3 llevar como pudo, pero ante lo que termin\u00f3 explotando porque su madre, a qui\u00e9n en todo momento ha intenta disculpar sin haber llegado a culpar, era una mujer muy estricta.<\/p>\n<p>Steisy, destrozada: \u00abYo he tenido que ser un ejemplo para mi hermana<\/p>\n<p>Tuve un problema con mi madre y me fui de casa con diecis\u00e9is a\u00f1os\u00bb, as\u00ed ha comenzado Steisy a relatar uno de los acontecimientos m\u00e1s dolorosos de su vida.<\/p>\n<p>Seg\u00fan ha explicado la tronista con much\u00edsimo dolor, tras una fuerte discusi\u00f3n con su madre se vio forzada a abandonar el hogar familiar y un amigo suyo, del que ha aclarado que no estaba enamorada, le ofreci\u00f3 irse a vivir a su casa.<\/p>\n<p>Era un chico de diecisiete a\u00f1os y al principio las cosas iban bien, pero muy pronto comenz\u00f3 el maltrato. \u00c9l no soportaba que la familia de Steisy le preguntara si se encontraba bien y poco a poco, la joven se vio forzada a irse distanciando de ellos para que no notaran que algo est\u00e1 pasando.<\/p>\n<p>A Steisy le duele much\u00edsimo hablar de este tema y ha comenzado sin dar muchos detalles de lo sucedido, pero poco a poco nos ha contado que se ve\u00eda sometida a un macabro maltrato continuo.<\/p>\n<p>Sufr\u00eda palizas diarias y todo tipo de maltratos en la intimidad hasta que lleg\u00f3 un momento en el que no sal\u00eda de casa, dej\u00f3 de hablar y hasta de comer.<\/p>\n<p>El tiempo fue pasando y su madre se dio cuenta de que algo estaba pasando\u00a0Mi madre me dio la vida una vez y me la volvi\u00f3 a dar el d\u00eda que me sac\u00f3 de all\u00ed. Gracias a que me sac\u00f3 estoy viva, si no estar\u00eda en una caja de pino\u00bb, ha asegurado.<\/p>\n","protected":false},"excerpt":{"rendered":"<p>Emma tiene la sensaci\u00f3n de que Steisy tiene metida en su cabeza la idea de que ella no es buena persona y quer\u00eda seguir indagando en el tema porque ella sabe que la tronista ha tenido una infancia muy complicada. Con l\u00e1grimas en los ojos, Steisy ha intentado explicar que desde muy peque\u00f1ita le han [&hellip;]<\/p>\n","protected":false},"author":3,"featured_media":24427,"comment_status":"open","ping_status":"open","sticky":false,"template":"","format":"standard","meta":{"footnotes":""},"categories":[1],"tags":[],"class_list":["post-24426","post","type-post","status-publish","format-standard","has-post-thumbnail","hentry","category-entretenimiento"],"_links":{"self":[{"href":"https:\/\/2horizontes.com\/index.php?rest_route=\/wp\/v2\/posts\/24426","targetHints":{"allow":["GET"]}}],"collection":[{"href":"https:\/\/2horizontes.com\/index.php?rest_route=\/wp\/v2\/posts"}],"about":[{"href":"https:\/\/2horizontes.com\/index.php?rest_route=\/wp\/v2\/types\/post"}],"author":[{"embeddable":true,"href":"https:\/\/2horizontes.com\/index.php?rest_route=\/wp\/v2\/users\/3"}],"replies":[{"embeddable":true,"href":"https:\/\/2horizontes.com\/index.php?rest_route=%2Fwp%2Fv2%2Fcomments&post=24426"}],"version-history":[{"count":1,"href":"https:\/\/2horizontes.com\/index.php?rest_route=\/wp\/v2\/posts\/24426\/revisions"}],"predecessor-version":[{"id":24428,"href":"https:\/\/2horizontes.com\/index.php?rest_route=\/wp\/v2\/posts\/24426\/revisions\/24428"}],"wp:featuredmedia":[{"embeddable":true,"href":"https:\/\/2horizontes.com\/index.php?rest_route=\/wp\/v2\/media\/24427"}],"wp:attachment":[{"href":"https:\/\/2horizontes.com\/index.php?rest_route=%2Fwp%2Fv2%2Fmedia&parent=24426"}],"wp:term":[{"taxonomy":"category","embeddable":true,"href":"https:\/\/2horizontes.com\/index.php?rest_route=%2Fwp%2Fv2%2Fcategories&post=24426"},{"taxonomy":"post_tag","embeddable":true,"href":"https:\/\/2horizontes.com\/index.php?rest_route=%2Fwp%2Fv2%2Ftags&post=24426"}],"curies":[{"name":"wp","href":"https:\/\/api.w.org\/{rel}","templated":true}]}}