{"id":24343,"date":"2015-09-15T14:59:44","date_gmt":"2015-09-15T13:59:44","guid":{"rendered":"http:\/\/2horizontes.com\/?p=24343"},"modified":"2015-09-15T14:59:44","modified_gmt":"2015-09-15T13:59:44","slug":"onda-tropical-provocara-aguaceros-este-martes-dijo-meteorologia-en-rd","status":"publish","type":"post","link":"https:\/\/2horizontes.com\/?p=24343","title":{"rendered":"Onda tropical provocar\u00e1 aguaceros este martes, dijo Meteorolog\u00eda en RD"},"content":{"rendered":"<p><strong>RD-SANTO DOMINGO-<\/strong> La Oficina Nacional de Meteorolog\u00eda (Onamet) inform\u00f3 este martes que durante las horas matutinas predominar\u00e1 un ambiente meteorol\u00f3gico con nubosidad dispersas a medio de nublado en ocasiones hacia las provincias de la l\u00ednea noroeste, zona fronteriza, Cibao Central y las regiones suroeste y noreste, sin embargo, sobre la llanura costera del Caribe y la parte este del territorio campos nubosos estar\u00e1n surcando el cielo y dejaran chubascos dispersos en ocasiones.<\/p>\n<p>En horas de la tarde se incrementar\u00e1 la nubosidad en varias localidades del territorio nacional sobre todo hacia las provincias de Santiago Rodr\u00edguez, Dajab\u00f3n, El\u00edas Pi\u00f1a, San Juan, Espaillat, La Vega, Monte Plata, San Crist\u00f3bal, La Altagracia, El Seibo, Hato Mayor, Saman\u00e1 y Duarte, donde estar\u00e1n ocurriendo aguaceros con tormentas el\u00e9ctricas y aisladas r\u00e1fagas de viento. Esta actividad permanecer\u00e1 hasta bien entrada la noche.<\/p>\n<p>El mi\u00e9rcoles habr\u00e1 un incremento significativo en los aguaceros y las tormentas el\u00e9ctricas,\u00a0 producto de la llegada de una activa onda tropical que incrementar\u00e1 el contenido de humedad y la inestabilidad sobre el Caribe Central. \u00a0Esta actividad ser\u00e1 m\u00e1s notoria sobre las regiones Este, Noreste, valle del Cibao y algunos puntos del litoral costero del Caribe.<\/p>\n<p>Meteorolog\u00eda contin\u00faa vigilando tres \u00e1reas de\u00a0 disturbios produciendo aguaceros y tronadas desorganizadas, dos en el Atl\u00e1ntico oriental al oeste de\u00a0 \u00a0las islas de Cabo Verde contin\u00faa con \u00a0probabilidad\u00a0 de 60%, para convertirse en cicl\u00f3n tropical y una tercera en el golfo de M\u00e9xico.<\/p>\n<p>La Oficina Nacional de Meteorolog\u00eda (ONAMET), recomienda hacer un uso racional del agua en todo el pa\u00eds, debido al marcado d\u00e9ficit pluviom\u00e9trico.<\/p>\n<p><strong>Distrito Nacional<\/strong>.\u00a0\u00a0\u00a0\u00a0\u00a0\u00a0\u00a0\u00a0\u00a0\u00a0\u00a0 \u00a0\u00a0Medio nublado en ocasiones con chubascos dispersos increment\u00e1ndose en la tarde.<\/p>\n<p><strong>Santo\u00a0 Domingo<\/strong> <strong>Norte.<\/strong> <strong>\u00a0\u00a0\u00a0\u00a0<\/strong>Medio nublado en ocasiones con chubascos dispersos increment\u00e1ndose en la tarde.<\/p>\n<p><strong>Santo Domingo Oeste<\/strong>\u00a0\u00a0\u00a0\u00a0\u00a0\u00a0 Medio nublado en ocasiones con chubascos dispersos increment\u00e1ndose en la tarde.<\/p>\n<p><strong>S<\/strong><strong>anto Domingo Este. <\/strong>\u00a0\u00a0\u00a0\u00a0\u00a0\u00a0\u00a0Medio nublado en ocasiones con chubascos dispersos increment\u00e1ndose en la tarde.<\/p>\n<p><strong>E<\/strong><strong>l \u00a0Gran Santo Domingo.<\/strong> <strong>La temperatura m\u00e1xima estar\u00e1 entre\u00a0 31\u00baC y 33\u00baC\u00a0 y la m\u00ednima entre 21\u00baC y 23\u00baC.\u00a0\u00a0\u00a0\u00a0<\/strong><\/p>\n<p><strong>Resumen. \u00a0Aguaceros y tronadas en la tarde de hoy provocado por la inestabilidad y los efectos locales. Para el mi\u00e9rcoles una onda tropical traer\u00e1 un incremento en los aguaceros y tronadas.<\/strong><\/p>\n","protected":false},"excerpt":{"rendered":"<p>RD-SANTO DOMINGO- La Oficina Nacional de Meteorolog\u00eda (Onamet) inform\u00f3 este martes que durante las horas matutinas predominar\u00e1 un ambiente meteorol\u00f3gico con nubosidad dispersas a medio de nublado en ocasiones hacia las provincias de la l\u00ednea noroeste, zona fronteriza, Cibao Central y las regiones suroeste y noreste, sin embargo, sobre la llanura costera del Caribe y [&hellip;]<\/p>\n","protected":false},"author":8,"featured_media":24344,"comment_status":"open","ping_status":"open","sticky":false,"template":"","format":"standard","meta":{"footnotes":""},"categories":[84,44],"tags":[],"class_list":["post-24343","post","type-post","status-publish","format-standard","has-post-thumbnail","hentry","category-otras-noticias","category-republica-dominicana"],"_links":{"self":[{"href":"https:\/\/2horizontes.com\/index.php?rest_route=\/wp\/v2\/posts\/24343","targetHints":{"allow":["GET"]}}],"collection":[{"href":"https:\/\/2horizontes.com\/index.php?rest_route=\/wp\/v2\/posts"}],"about":[{"href":"https:\/\/2horizontes.com\/index.php?rest_route=\/wp\/v2\/types\/post"}],"author":[{"embeddable":true,"href":"https:\/\/2horizontes.com\/index.php?rest_route=\/wp\/v2\/users\/8"}],"replies":[{"embeddable":true,"href":"https:\/\/2horizontes.com\/index.php?rest_route=%2Fwp%2Fv2%2Fcomments&post=24343"}],"version-history":[{"count":1,"href":"https:\/\/2horizontes.com\/index.php?rest_route=\/wp\/v2\/posts\/24343\/revisions"}],"predecessor-version":[{"id":24345,"href":"https:\/\/2horizontes.com\/index.php?rest_route=\/wp\/v2\/posts\/24343\/revisions\/24345"}],"wp:featuredmedia":[{"embeddable":true,"href":"https:\/\/2horizontes.com\/index.php?rest_route=\/wp\/v2\/media\/24344"}],"wp:attachment":[{"href":"https:\/\/2horizontes.com\/index.php?rest_route=%2Fwp%2Fv2%2Fmedia&parent=24343"}],"wp:term":[{"taxonomy":"category","embeddable":true,"href":"https:\/\/2horizontes.com\/index.php?rest_route=%2Fwp%2Fv2%2Fcategories&post=24343"},{"taxonomy":"post_tag","embeddable":true,"href":"https:\/\/2horizontes.com\/index.php?rest_route=%2Fwp%2Fv2%2Ftags&post=24343"}],"curies":[{"name":"wp","href":"https:\/\/api.w.org\/{rel}","templated":true}]}}