{"id":24298,"date":"2015-09-15T11:52:32","date_gmt":"2015-09-15T10:52:32","guid":{"rendered":"http:\/\/2horizontes.com\/?p=24298"},"modified":"2015-09-15T11:52:32","modified_gmt":"2015-09-15T10:52:32","slug":"vuelve-la-champions-con-ocho-colombianos-en-escena","status":"publish","type":"post","link":"https:\/\/2horizontes.com\/?p=24298","title":{"rendered":"Vuelve la \u2018Champions\u2019, con ocho colombianos en escena"},"content":{"rendered":"<p><!--more-->Rodr\u00edguez no jugar\u00e1 hoy con el Real Madrid por lesi\u00f3n, mientras que Jackson Mart\u00ednez seguramente ser\u00e1 suplente, en tanto que Santiago Arias y Juan G. Cuadrado ser\u00e1n titulares.<\/p>\n<p>Hoy, con la disputa de ocho partidos, se da inicio a la edici\u00f3n LXI de la Liga de Campeones, temporada 2015 &#8211; 2016, en la que Barcelona, campe\u00f3n vigente, Real Madrid y Bayern M\u00fanich parten como los grandes favoritos al t\u00edtulo, y a los que se suman otros equipos con intenciones de darle la pelea a este tr\u00edo de \u2018ases\u2019 del balompi\u00e9 del Viejo Continente.<\/p>\n<p>Entre los \u2018alternantes\u2019 o llamados a dar la pelea por la corona de la \u2018Champions\u2019, figuran Par\u00eds Saint Germain, Manchester United, Manchester City, Atl\u00e9tico de Madrid, Juventus y Chelsea, equipos que, en algunos casos, han invertido una buena cantidad de dinero para reforzar sus n\u00f3minas y alcanzar la anhelada \u2018Orejona\u2019, que en esta temporada se entregar\u00e1 el 28 de mayo de 2016, en el estadio \u2018Guiseppe Meazza\u2019 de Mil\u00e1n.<\/p>\n<p>Espa\u00f1a, con cinco equipos (Barcelona, Atl\u00e9tico de Madrid, Real Madrid, Sevilla y Valencia), es el pa\u00eds con m\u00e1s participaci\u00f3n en el torneo, seguido por Alemania e Inglaterra, que afrontan el certamen con cuatro equipos cada uno.<\/p>\n<p>Mientras que Italia, Francia, Portugal, Rusia y Ucrania, tienen de a dos representantes, y el resto de pa\u00edses, uno solo.<\/p>\n<p>Colombianos y sus equipos<\/p>\n<p>Para la edici\u00f3n 2015 &#8211; 2016 de la Liga de Campeones, Colombia estar\u00e1 representada con ocho jugadores, en igual n\u00famero de equipos, unos con m\u00e1s opciones de figurar que otros.<\/p>\n<p>Para empezar, hay que hacerlo con James Rodr\u00edguez, quien pese a la lesi\u00f3n que le aqueja en este momento (una rotura muscular en la pierna izquierda), es hombre fundamental en el andamiaje del Real Madrid que dirige Rafael Ben\u00edtez.<\/p>\n<p>El 10 del equipo \u2018merengue\u2019 es, sin duda alguna, el colombiano que tiene m\u00e1s presi\u00f3n y objetivos m\u00e1s altos en esta edici\u00f3n de la \u2018Champions\u2019.<\/p>\n<p>Luego figura el m\u00e1ximo artillero nacional en este torneo, Jackson Mart\u00ednez, quien se estrena con el Atl\u00e9tico de Madrid, luego de sus tres temporadas con el Oporto, del que fue su gran figura y goleador.<\/p>\n<p>Falcao Garc\u00eda vuelve a la Liga de Campeones, tras cinco a\u00f1os de ausencia. La \u00faltima vez que la disput\u00f3 fue con los colores del Oporto, y ahora lo har\u00e1 con el Chelsea ingl\u00e9s, con el prop\u00f3sito de volver a \u2018rugir\u2019 en la cancha.<\/p>\n<p>Mientras que Santiago Arias vuelve a jugar el torneo con el PSV Eindhoven de Holanda, al igual que David Ospina con el Arsenal ingl\u00e9s, en el que ahora es suplente.<\/p>\n<p>Juan Guillermo Cuadrado, que disput\u00f3 el torneo la temporada anterior con el Chelsea, lo har\u00e1 en esta temporada con la Juventus de Tur\u00edn.<\/p>\n<p>Y debutan en el m\u00e1ximo certamen de clubes de Europa Felipe Pardo, con el Olympiacos de Grecia, y Roger Ca\u00f1as, con el Astan\u00e1 de Kazajist\u00e1n.<\/p>\n","protected":false},"excerpt":{"rendered":"","protected":false},"author":3,"featured_media":24299,"comment_status":"open","ping_status":"open","sticky":false,"template":"","format":"standard","meta":{"footnotes":""},"categories":[42],"tags":[],"class_list":["post-24298","post","type-post","status-publish","format-standard","has-post-thumbnail","hentry","category-deportes"],"_links":{"self":[{"href":"https:\/\/2horizontes.com\/index.php?rest_route=\/wp\/v2\/posts\/24298","targetHints":{"allow":["GET"]}}],"collection":[{"href":"https:\/\/2horizontes.com\/index.php?rest_route=\/wp\/v2\/posts"}],"about":[{"href":"https:\/\/2horizontes.com\/index.php?rest_route=\/wp\/v2\/types\/post"}],"author":[{"embeddable":true,"href":"https:\/\/2horizontes.com\/index.php?rest_route=\/wp\/v2\/users\/3"}],"replies":[{"embeddable":true,"href":"https:\/\/2horizontes.com\/index.php?rest_route=%2Fwp%2Fv2%2Fcomments&post=24298"}],"version-history":[{"count":1,"href":"https:\/\/2horizontes.com\/index.php?rest_route=\/wp\/v2\/posts\/24298\/revisions"}],"predecessor-version":[{"id":24300,"href":"https:\/\/2horizontes.com\/index.php?rest_route=\/wp\/v2\/posts\/24298\/revisions\/24300"}],"wp:featuredmedia":[{"embeddable":true,"href":"https:\/\/2horizontes.com\/index.php?rest_route=\/wp\/v2\/media\/24299"}],"wp:attachment":[{"href":"https:\/\/2horizontes.com\/index.php?rest_route=%2Fwp%2Fv2%2Fmedia&parent=24298"}],"wp:term":[{"taxonomy":"category","embeddable":true,"href":"https:\/\/2horizontes.com\/index.php?rest_route=%2Fwp%2Fv2%2Fcategories&post=24298"},{"taxonomy":"post_tag","embeddable":true,"href":"https:\/\/2horizontes.com\/index.php?rest_route=%2Fwp%2Fv2%2Ftags&post=24298"}],"curies":[{"name":"wp","href":"https:\/\/api.w.org\/{rel}","templated":true}]}}