{"id":24243,"date":"2015-09-14T19:50:58","date_gmt":"2015-09-14T18:50:58","guid":{"rendered":"http:\/\/2horizontes.com\/?p=24243"},"modified":"2015-09-14T19:50:58","modified_gmt":"2015-09-14T18:50:58","slug":"cantante-de-la-mosca-tse-tse-sufre-infarto-en-pleno-escenario","status":"publish","type":"post","link":"https:\/\/2horizontes.com\/?p=24243","title":{"rendered":"CANTANTE DE &#8216;LA MOSCA TSE TSE&#8217; SUFRE INFARTO EN PLENO ESCENARIO"},"content":{"rendered":"<p>Guillermo Novellis de la banda, La Mosca Tse-Tse, se llev\u00f3 un susto \u00a1impresionante! Cuando durante un concierto sufri\u00f3 un infarto en el escenario.<\/p>\n<p>Seg\u00fan la informaci\u00f3n publicada por el diario El Clar\u00edn, Guillermo empez\u00f3 a sentirse mal y baj\u00f3 del escenario, en ese instante su manager llam\u00f3 a una ambulancia para que lo atendiera.<\/p>\n<p>El vocalista de La Mosca Tse &#8211; Tse, se encuentra actualmente internado en el Hospital G\u00fcemes en Buenos Aires, donde ser\u00e1 sometido a un cateterismo.<\/p>\n","protected":false},"excerpt":{"rendered":"<p>Guillermo Novellis de la banda, La Mosca Tse-Tse, se llev\u00f3 un susto \u00a1impresionante! Cuando durante un concierto sufri\u00f3 un infarto en el escenario. Seg\u00fan la informaci\u00f3n publicada por el diario El Clar\u00edn, Guillermo empez\u00f3 a sentirse mal y baj\u00f3 del escenario, en ese instante su manager llam\u00f3 a una ambulancia para que lo atendiera. El [&hellip;]<\/p>\n","protected":false},"author":3,"featured_media":24244,"comment_status":"open","ping_status":"open","sticky":false,"template":"","format":"standard","meta":{"footnotes":""},"categories":[1],"tags":[],"class_list":["post-24243","post","type-post","status-publish","format-standard","has-post-thumbnail","hentry","category-entretenimiento"],"_links":{"self":[{"href":"https:\/\/2horizontes.com\/index.php?rest_route=\/wp\/v2\/posts\/24243","targetHints":{"allow":["GET"]}}],"collection":[{"href":"https:\/\/2horizontes.com\/index.php?rest_route=\/wp\/v2\/posts"}],"about":[{"href":"https:\/\/2horizontes.com\/index.php?rest_route=\/wp\/v2\/types\/post"}],"author":[{"embeddable":true,"href":"https:\/\/2horizontes.com\/index.php?rest_route=\/wp\/v2\/users\/3"}],"replies":[{"embeddable":true,"href":"https:\/\/2horizontes.com\/index.php?rest_route=%2Fwp%2Fv2%2Fcomments&post=24243"}],"version-history":[{"count":1,"href":"https:\/\/2horizontes.com\/index.php?rest_route=\/wp\/v2\/posts\/24243\/revisions"}],"predecessor-version":[{"id":24245,"href":"https:\/\/2horizontes.com\/index.php?rest_route=\/wp\/v2\/posts\/24243\/revisions\/24245"}],"wp:featuredmedia":[{"embeddable":true,"href":"https:\/\/2horizontes.com\/index.php?rest_route=\/wp\/v2\/media\/24244"}],"wp:attachment":[{"href":"https:\/\/2horizontes.com\/index.php?rest_route=%2Fwp%2Fv2%2Fmedia&parent=24243"}],"wp:term":[{"taxonomy":"category","embeddable":true,"href":"https:\/\/2horizontes.com\/index.php?rest_route=%2Fwp%2Fv2%2Fcategories&post=24243"},{"taxonomy":"post_tag","embeddable":true,"href":"https:\/\/2horizontes.com\/index.php?rest_route=%2Fwp%2Fv2%2Ftags&post=24243"}],"curies":[{"name":"wp","href":"https:\/\/api.w.org\/{rel}","templated":true}]}}