{"id":24201,"date":"2015-09-14T14:59:01","date_gmt":"2015-09-14T13:59:01","guid":{"rendered":"http:\/\/2horizontes.com\/?p=24201"},"modified":"2015-09-14T14:59:01","modified_gmt":"2015-09-14T13:59:01","slug":"hieren-policia-que-intento-impedir-asalto-al-banco-bhd-en-monte-plata","status":"publish","type":"post","link":"https:\/\/2horizontes.com\/?p=24201","title":{"rendered":"Hieren polic\u00eda que intent\u00f3 impedir asalto al banco BHD en Monte Plata"},"content":{"rendered":"<article class=\"contenidoArticulo\">\n<div class=\"cuerpoNoticia\">\n<p>RD- MONTE PLATA-Un agente de la Polic\u00eda Nacional fue herido de bala este lunes cuando, \u00a0junto a otros polic\u00edas, frustr\u00f3 un intento de asalto a una \u00a0sucursal del Banco BHD en Monte Plata, inform\u00f3 el vocero de la instituci\u00f3n, \u00a0M\u00e1ximo B\u00e1ez Aybar.<\/p>\n<p>Hasta el momento el agente no ha sido identificado, pero el vocero dijo que recibi\u00f3 \u00a0un disparo en un hombro.<\/p>\n<p>Al ser contactado v\u00eda telef\u00f3nica por 2HORIZONTES,COM, explic\u00f3 que el hecho se registr\u00f3 cuando los polic\u00edas llegaron al lugar para evitar el asalto y los delincuentes les comenzaron a disparar.<\/p>\n<p>Agreg\u00f3 que los desconocidos escaparon del lugar en un veh\u00edculo.<\/p>\n<\/div>\n<\/article>\n<p>&nbsp;<\/p>\n","protected":false},"excerpt":{"rendered":"<p>RD- MONTE PLATA-Un agente de la Polic\u00eda Nacional fue herido de bala este lunes cuando, \u00a0junto a otros polic\u00edas, frustr\u00f3 un intento de asalto a una \u00a0sucursal del Banco BHD en Monte Plata, inform\u00f3 el vocero de la instituci\u00f3n, \u00a0M\u00e1ximo B\u00e1ez Aybar. Hasta el momento el agente no ha sido identificado, pero el vocero dijo [&hellip;]<\/p>\n","protected":false},"author":8,"featured_media":24203,"comment_status":"open","ping_status":"open","sticky":false,"template":"","format":"standard","meta":{"footnotes":""},"categories":[53,44],"tags":[],"class_list":["post-24201","post","type-post","status-publish","format-standard","has-post-thumbnail","hentry","category-provincias","category-republica-dominicana"],"_links":{"self":[{"href":"https:\/\/2horizontes.com\/index.php?rest_route=\/wp\/v2\/posts\/24201","targetHints":{"allow":["GET"]}}],"collection":[{"href":"https:\/\/2horizontes.com\/index.php?rest_route=\/wp\/v2\/posts"}],"about":[{"href":"https:\/\/2horizontes.com\/index.php?rest_route=\/wp\/v2\/types\/post"}],"author":[{"embeddable":true,"href":"https:\/\/2horizontes.com\/index.php?rest_route=\/wp\/v2\/users\/8"}],"replies":[{"embeddable":true,"href":"https:\/\/2horizontes.com\/index.php?rest_route=%2Fwp%2Fv2%2Fcomments&post=24201"}],"version-history":[{"count":1,"href":"https:\/\/2horizontes.com\/index.php?rest_route=\/wp\/v2\/posts\/24201\/revisions"}],"predecessor-version":[{"id":24204,"href":"https:\/\/2horizontes.com\/index.php?rest_route=\/wp\/v2\/posts\/24201\/revisions\/24204"}],"wp:featuredmedia":[{"embeddable":true,"href":"https:\/\/2horizontes.com\/index.php?rest_route=\/wp\/v2\/media\/24203"}],"wp:attachment":[{"href":"https:\/\/2horizontes.com\/index.php?rest_route=%2Fwp%2Fv2%2Fmedia&parent=24201"}],"wp:term":[{"taxonomy":"category","embeddable":true,"href":"https:\/\/2horizontes.com\/index.php?rest_route=%2Fwp%2Fv2%2Fcategories&post=24201"},{"taxonomy":"post_tag","embeddable":true,"href":"https:\/\/2horizontes.com\/index.php?rest_route=%2Fwp%2Fv2%2Ftags&post=24201"}],"curies":[{"name":"wp","href":"https:\/\/api.w.org\/{rel}","templated":true}]}}