{"id":2418,"date":"2014-09-30T17:17:51","date_gmt":"2014-09-30T17:17:51","guid":{"rendered":"http:\/\/2horizontes.com\/?p=2418"},"modified":"2014-09-30T17:17:51","modified_gmt":"2014-09-30T17:17:51","slug":"ministro-de-salud-de-rd-preside-del-53o-consejo-directivo-de-la-ops-en-washington","status":"publish","type":"post","link":"https:\/\/2horizontes.com\/?p=2418","title":{"rendered":"Ministro de Salud de RD preside del 53\u00ba Consejo Directivo de la OPS en Washington"},"content":{"rendered":"<p><a href=\"http:\/\/2horizontes.com\/wp-content\/uploads\/2014\/09\/ministro-de-salud-rd.jpeg\"><img loading=\"lazy\" decoding=\"async\" src=\"http:\/\/2horizontes.com\/wp-content\/uploads\/2014\/09\/ministro-de-salud-rd.jpeg\" alt=\"ministro de salud rd\" width=\"294\" height=\"197\" class=\"alignleft size-full wp-image-2419\" \/><\/a>Santo Domingo.- El  Ministro de  Salud  P\u00fablica  de la  Rep\u00fablica  Dominicana , doctor  Freddy Hidalgo, fue  electo presidente del 53  Consejo  Directivo de la  Organizaci\u00f3n Panamericana de la  Salud (OPS), el cual se realiza en Washington,  desde  el 29 de septiembre  hasta 3 de  octubre.<\/p>\n<p>Los  ministros  de salud  de las Am\u00e9ricas  reunidos   en la  sede de la OPS\/ OMS en Washington  debaten  estrategias  sobre  el acceso universal a la salud y la cobertura universal , planes  de acci\u00f3n para la prevenci\u00f3n de la obesidad en la  ni\u00f1ez y adolescencia, y  temas como salud mental, pol\u00edticas de prevenci\u00f3n de la ceguera  y coordinaci\u00f3n de   asistencia  humanitaria entre otros,  que son  comunes para   toda  la regi\u00f3n.<\/p>\n<p>El ministro dominicano fue  electo presidente  del  53\u00ba Consejo directivo  del  OPS en sustituci\u00f3n de Carina Vance de Ecuador.<\/p>\n","protected":false},"excerpt":{"rendered":"<p>Santo Domingo.- El Ministro de Salud P\u00fablica de la Rep\u00fablica Dominicana , doctor Freddy Hidalgo, fue electo presidente del 53 Consejo Directivo de la Organizaci\u00f3n Panamericana de la Salud (OPS), el cual se realiza en Washington, desde el 29 de septiembre hasta 3 de octubre. Los ministros de salud de las Am\u00e9ricas reunidos en la [&hellip;]<\/p>\n","protected":false},"author":1,"featured_media":0,"comment_status":"open","ping_status":"open","sticky":false,"template":"","format":"standard","meta":{"footnotes":""},"categories":[1],"tags":[],"class_list":["post-2418","post","type-post","status-publish","format-standard","hentry","category-entretenimiento"],"_links":{"self":[{"href":"https:\/\/2horizontes.com\/index.php?rest_route=\/wp\/v2\/posts\/2418","targetHints":{"allow":["GET"]}}],"collection":[{"href":"https:\/\/2horizontes.com\/index.php?rest_route=\/wp\/v2\/posts"}],"about":[{"href":"https:\/\/2horizontes.com\/index.php?rest_route=\/wp\/v2\/types\/post"}],"author":[{"embeddable":true,"href":"https:\/\/2horizontes.com\/index.php?rest_route=\/wp\/v2\/users\/1"}],"replies":[{"embeddable":true,"href":"https:\/\/2horizontes.com\/index.php?rest_route=%2Fwp%2Fv2%2Fcomments&post=2418"}],"version-history":[{"count":1,"href":"https:\/\/2horizontes.com\/index.php?rest_route=\/wp\/v2\/posts\/2418\/revisions"}],"predecessor-version":[{"id":2420,"href":"https:\/\/2horizontes.com\/index.php?rest_route=\/wp\/v2\/posts\/2418\/revisions\/2420"}],"wp:attachment":[{"href":"https:\/\/2horizontes.com\/index.php?rest_route=%2Fwp%2Fv2%2Fmedia&parent=2418"}],"wp:term":[{"taxonomy":"category","embeddable":true,"href":"https:\/\/2horizontes.com\/index.php?rest_route=%2Fwp%2Fv2%2Fcategories&post=2418"},{"taxonomy":"post_tag","embeddable":true,"href":"https:\/\/2horizontes.com\/index.php?rest_route=%2Fwp%2Fv2%2Ftags&post=2418"}],"curies":[{"name":"wp","href":"https:\/\/api.w.org\/{rel}","templated":true}]}}