{"id":24160,"date":"2015-09-14T12:59:08","date_gmt":"2015-09-14T11:59:08","guid":{"rendered":"http:\/\/2horizontes.com\/?p=24160"},"modified":"2015-09-14T12:59:08","modified_gmt":"2015-09-14T11:59:08","slug":"arrestan-a-unas-40-damas-de-blanco-y-a-una-docena-de-disidentes-en-la-habana","status":"publish","type":"post","link":"https:\/\/2horizontes.com\/?p=24160","title":{"rendered":"Arrestan a unas 40 damas de blanco y a una docena de disidentes en La Habana"},"content":{"rendered":"<div id=\"ArticleAuthorDiv\" class=\"article-body-author\"><b>EFE<\/b><\/div>\n<div id=\"ArticleSourceDiv\" class=\"article-body-author\"><b>La Habana<\/b><\/div>\n<div id=\"ArticleBody\">\n<p>Al menos 40 mujeres del grupo disidente Damas de Blanco y una docena de opositores fueron arrestados en La Habana, unas detenciones que se producen desde hace 22 domingos consecutivos y que en esta ocasi\u00f3n tienen lugar a menos de una semana de la visita del papa Francisco a la isla.<\/p>\n<p>Los arrestos se produjeron este mediod\u00eda despu\u00e9s de que las Damas de Blanco, lideradas por Berta Soler, asistieran a una misa en la parroquia \u00abSanta Rita de As\u00eds\u00bb, y realizaran una marcha en favor de los derechos humanos y los presos pol\u00edticos como es tradici\u00f3n del grupo desde su creaci\u00f3n en 2003.<\/p>\n<p>Entre los detenidos se encuentran los expresos pol\u00edticos del Grupo de los 75, Jos\u00e9 Daniel Ferrer, quien es coordinador general de la Uni\u00f3n Patri\u00f3tica de Cuba (Unpacu) y \u00c1ngel Moya, esposo de Soler, as\u00ed como el director del foro cr\u00edtico \u00abEstado de SATS\u00bb, Antonio Gonz\u00e1lez Rodiles.<\/p>\n<p>Decenas de partidarios del Gobierno y agentes de la polic\u00eda uniformados y de civil comenzaron a gritar consignas revolucionarias cuando el grupo de disidentes lleg\u00f3 a una calle cercana portando carteles con las frases \u00abTodos marchamos por la libertad de los presos pol\u00edticos de Cuba\u00bb y \u00abTodos marchamos por una ley de amnist\u00eda\u00bb, lemas de una campa\u00f1a que iniciaron semanas atr\u00e1s, seg\u00fan pudo constatar Efe.<\/p>\n<p>Poco antes, la l\u00edder del movimiento femenino hab\u00eda denunciado que siete de sus compa\u00f1eras y m\u00e1s de 20 opositores fueron detenidos para impedirles participar en los actos del grupo.<\/p>\n<p>Soler dijo que ha solicitado reunirse con el papa Francisco durante su estancia en la isla, que ser\u00e1 del 19 al 22 de septiembre, pero que no ha recibido respuesta.<\/p>\n<p>Soler declar\u00f3 a la prensa extranjera que si tuviera la oportunidad de reunirse con Francisco, le pedir\u00eda su mediaci\u00f3n para que \u00abcese la violencia policial contra las personas que quieren participar o ejercer su libertad religiosa y hacer manifestaciones p\u00fablicas\u00bb.<\/p>\n<p>Explic\u00f3 que le comunicar\u00eda al pont\u00edfice argentino los motivos de su desacuerdo con el actual acercamiento entre los gobiernos de Cuba y Estados Unidos, as\u00ed como que \u00abCuba est\u00e1 necesitada del apoyo moral y espiritual de todos los que son amantes de la libertad\u00bb.<\/p>\n<p>Soler indic\u00f3 que le manifestar\u00eda a la m\u00e1xima autoridad de la Iglesia Cat\u00f3lica su apoyo para la amnist\u00eda general a m\u00e1s de un centenar de presos por motivos pol\u00edticos que est\u00e1 pidiendo el \u00abForo por los Derechos y Libertades\u00bb, en el que participa el colectivo que ella encabeza.<\/p>\n<p>Asimismo anunci\u00f3 que las \u00abDamas de Blanco\u00bb har\u00e1n la \u00abtentativa\u00bb de asistir a la misa que el papa Francisco oficiar\u00e1 el domingo 20 de septiembre en La Habana, aunque no descart\u00f3 que a partir de los pr\u00f3ximos d\u00edas se registren nuevos arrestos de activistas de derechos humanos en la isla.<\/p>\n<\/div>\n","protected":false},"excerpt":{"rendered":"<p>EFE La Habana Al menos 40 mujeres del grupo disidente Damas de Blanco y una docena de opositores fueron arrestados en La Habana, unas detenciones que se producen desde hace 22 domingos consecutivos y que en esta ocasi\u00f3n tienen lugar a menos de una semana de la visita del papa Francisco a la isla. Los [&hellip;]<\/p>\n","protected":false},"author":7,"featured_media":24161,"comment_status":"open","ping_status":"open","sticky":false,"template":"","format":"standard","meta":{"footnotes":""},"categories":[49,40],"tags":[],"class_list":["post-24160","post","type-post","status-publish","format-standard","has-post-thumbnail","hentry","category-cuba","category-internacionales"],"_links":{"self":[{"href":"https:\/\/2horizontes.com\/index.php?rest_route=\/wp\/v2\/posts\/24160","targetHints":{"allow":["GET"]}}],"collection":[{"href":"https:\/\/2horizontes.com\/index.php?rest_route=\/wp\/v2\/posts"}],"about":[{"href":"https:\/\/2horizontes.com\/index.php?rest_route=\/wp\/v2\/types\/post"}],"author":[{"embeddable":true,"href":"https:\/\/2horizontes.com\/index.php?rest_route=\/wp\/v2\/users\/7"}],"replies":[{"embeddable":true,"href":"https:\/\/2horizontes.com\/index.php?rest_route=%2Fwp%2Fv2%2Fcomments&post=24160"}],"version-history":[{"count":1,"href":"https:\/\/2horizontes.com\/index.php?rest_route=\/wp\/v2\/posts\/24160\/revisions"}],"predecessor-version":[{"id":24162,"href":"https:\/\/2horizontes.com\/index.php?rest_route=\/wp\/v2\/posts\/24160\/revisions\/24162"}],"wp:featuredmedia":[{"embeddable":true,"href":"https:\/\/2horizontes.com\/index.php?rest_route=\/wp\/v2\/media\/24161"}],"wp:attachment":[{"href":"https:\/\/2horizontes.com\/index.php?rest_route=%2Fwp%2Fv2%2Fmedia&parent=24160"}],"wp:term":[{"taxonomy":"category","embeddable":true,"href":"https:\/\/2horizontes.com\/index.php?rest_route=%2Fwp%2Fv2%2Fcategories&post=24160"},{"taxonomy":"post_tag","embeddable":true,"href":"https:\/\/2horizontes.com\/index.php?rest_route=%2Fwp%2Fv2%2Ftags&post=24160"}],"curies":[{"name":"wp","href":"https:\/\/api.w.org\/{rel}","templated":true}]}}