{"id":24151,"date":"2015-09-14T12:29:46","date_gmt":"2015-09-14T11:29:46","guid":{"rendered":"http:\/\/2horizontes.com\/?p=24151"},"modified":"2015-09-14T12:29:46","modified_gmt":"2015-09-14T11:29:46","slug":"los-aeropuertos-espanoles-registran-en-agosto-el-mejor-mes-de-la-historia","status":"publish","type":"post","link":"https:\/\/2horizontes.com\/?p=24151","title":{"rendered":"Los aeropuertos espa\u00f1oles registran en agosto el mejor mes de la historia"},"content":{"rendered":"<p>Los aeropuertos espa\u00f1oles, integrados en la red de Aena, registraron el pasado agosto el mejor mes de su historia en n\u00famero de pasajeros con 24.001.019 viajeros.<\/p>\n<p>Esta cifra representa un aumento del 4,7% sobre el mismo mes de 2014. Los datos consolidan la tendencia de crecimientos en el tr\u00e1fico de pasajeros desde hace 22 meses.<\/p>\n<p>De la cifra total de pasajeros, 17.334.261 fueron de vuelos internacionales, un aumento del 3,9% respecto a agosto de 2014. Los viajeros nacionales ascendieron a 6.598.650, un 7% m\u00e1s que en el mismo mes del pasado a\u00f1o.<\/p>\n<p>Los datos acumulados de los ocho primeros meses de 2015 muestran un aumento del 5,2% por n\u00famero de pasajeros en toda la red de Aena con m\u00e1s de 140,1 millones.<\/p>\n<p>En concreto y por aeropuertos, destacan los incrementos de La Palma (13,5%), Adolfo Su\u00e1rez Madrid-Barajas (12%), Sevilla (10,1%) o Santiago con una subida del 9,2%.<\/p>\n<p>El Aeropuerto Adolfo Su\u00e1rez Madrid-Barajas se consolida como la primera instalaci\u00f3n aeroportuaria del pa\u00eds.<\/p>\n<p>En agosto registr\u00f3 el mayor tr\u00e1fico de pasajeros de la red, con 4.550.487 pasajeros, lo que se traduce en un 14% m\u00e1s que en agosto de 2014.<\/p>\n<p>Suma 19 meses de incrementos mensuales consecutivos, desde febrero de 2014. Adem\u00e1s, volvi\u00f3 a batir el r\u00e9cord hist\u00f3rico de pasajeros internacionales, con 3.352.329, un 16,3% m\u00e1s que en agosto del a\u00f1o anterior.<\/p>\n","protected":false},"excerpt":{"rendered":"<p>Los aeropuertos espa\u00f1oles, integrados en la red de Aena, registraron el pasado agosto el mejor mes de su historia en n\u00famero de pasajeros con 24.001.019 viajeros. Esta cifra representa un aumento del 4,7% sobre el mismo mes de 2014. Los datos consolidan la tendencia de crecimientos en el tr\u00e1fico de pasajeros desde hace 22 meses. [&hellip;]<\/p>\n","protected":false},"author":3,"featured_media":24152,"comment_status":"open","ping_status":"open","sticky":false,"template":"","format":"standard","meta":{"footnotes":""},"categories":[85],"tags":[],"class_list":["post-24151","post","type-post","status-publish","format-standard","has-post-thumbnail","hentry","category-espana"],"_links":{"self":[{"href":"https:\/\/2horizontes.com\/index.php?rest_route=\/wp\/v2\/posts\/24151","targetHints":{"allow":["GET"]}}],"collection":[{"href":"https:\/\/2horizontes.com\/index.php?rest_route=\/wp\/v2\/posts"}],"about":[{"href":"https:\/\/2horizontes.com\/index.php?rest_route=\/wp\/v2\/types\/post"}],"author":[{"embeddable":true,"href":"https:\/\/2horizontes.com\/index.php?rest_route=\/wp\/v2\/users\/3"}],"replies":[{"embeddable":true,"href":"https:\/\/2horizontes.com\/index.php?rest_route=%2Fwp%2Fv2%2Fcomments&post=24151"}],"version-history":[{"count":1,"href":"https:\/\/2horizontes.com\/index.php?rest_route=\/wp\/v2\/posts\/24151\/revisions"}],"predecessor-version":[{"id":24153,"href":"https:\/\/2horizontes.com\/index.php?rest_route=\/wp\/v2\/posts\/24151\/revisions\/24153"}],"wp:featuredmedia":[{"embeddable":true,"href":"https:\/\/2horizontes.com\/index.php?rest_route=\/wp\/v2\/media\/24152"}],"wp:attachment":[{"href":"https:\/\/2horizontes.com\/index.php?rest_route=%2Fwp%2Fv2%2Fmedia&parent=24151"}],"wp:term":[{"taxonomy":"category","embeddable":true,"href":"https:\/\/2horizontes.com\/index.php?rest_route=%2Fwp%2Fv2%2Fcategories&post=24151"},{"taxonomy":"post_tag","embeddable":true,"href":"https:\/\/2horizontes.com\/index.php?rest_route=%2Fwp%2Fv2%2Ftags&post=24151"}],"curies":[{"name":"wp","href":"https:\/\/api.w.org\/{rel}","templated":true}]}}