{"id":24143,"date":"2015-09-14T12:14:16","date_gmt":"2015-09-14T11:14:16","guid":{"rendered":"http:\/\/2horizontes.com\/?p=24143"},"modified":"2015-09-14T12:14:16","modified_gmt":"2015-09-14T11:14:16","slug":"madrid-toma-medidas-contra-la-contaminacion","status":"publish","type":"post","link":"https:\/\/2horizontes.com\/?p=24143","title":{"rendered":"Madrid toma medidas contra la contaminaci\u00f3n"},"content":{"rendered":"<p>Como cada a\u00f1o, despu\u00e9s del verano, una boina de contaminaci\u00f3n se sit\u00faa sobre el cielo de Madrid.<\/p>\n<p>El m\u00e1ximo responsable de que vuelva a aparecer es, sin duda, el tr\u00e1fico. M\u00e1s de dos millones de veh\u00edculos circulan a diario por Madrid y esto deja consecuencias para el medioambiente y para la salud de los madrile\u00f1os.<\/p>\n<p>Para prevenir episodios de elevada contaminaci\u00f3n, el Ayuntamiento pondr\u00e1 en funcionamiento una serie de medidas en los pr\u00f3ximos meses:<\/p>\n<p>reducir la velocidad en v\u00edas como la M30, furgonetas de reparto el\u00e9ctricas y hasta prohibici\u00f3n de circular a los veh\u00edculos en funci\u00f3n de su matr\u00edcula y a los taxis vac\u00edos en el centro de la ciudad los d\u00edas que los \u00edndices de poluci\u00f3n se disparen.<\/p>\n<p>Unas medidas que ya han demostrado su eficacia en otras ciudades europeas como Londres, Italia o Francia y que, a pesar de que todav\u00eda se desconoce su fecha de aplicaci\u00f3n definitiva, ya tienen divididos a los madrile\u00f1os.<\/p>\n","protected":false},"excerpt":{"rendered":"<p>Como cada a\u00f1o, despu\u00e9s del verano, una boina de contaminaci\u00f3n se sit\u00faa sobre el cielo de Madrid. El m\u00e1ximo responsable de que vuelva a aparecer es, sin duda, el tr\u00e1fico. M\u00e1s de dos millones de veh\u00edculos circulan a diario por Madrid y esto deja consecuencias para el medioambiente y para la salud de los madrile\u00f1os. [&hellip;]<\/p>\n","protected":false},"author":3,"featured_media":24144,"comment_status":"open","ping_status":"open","sticky":false,"template":"","format":"standard","meta":{"footnotes":""},"categories":[85],"tags":[],"class_list":["post-24143","post","type-post","status-publish","format-standard","has-post-thumbnail","hentry","category-espana"],"_links":{"self":[{"href":"https:\/\/2horizontes.com\/index.php?rest_route=\/wp\/v2\/posts\/24143","targetHints":{"allow":["GET"]}}],"collection":[{"href":"https:\/\/2horizontes.com\/index.php?rest_route=\/wp\/v2\/posts"}],"about":[{"href":"https:\/\/2horizontes.com\/index.php?rest_route=\/wp\/v2\/types\/post"}],"author":[{"embeddable":true,"href":"https:\/\/2horizontes.com\/index.php?rest_route=\/wp\/v2\/users\/3"}],"replies":[{"embeddable":true,"href":"https:\/\/2horizontes.com\/index.php?rest_route=%2Fwp%2Fv2%2Fcomments&post=24143"}],"version-history":[{"count":1,"href":"https:\/\/2horizontes.com\/index.php?rest_route=\/wp\/v2\/posts\/24143\/revisions"}],"predecessor-version":[{"id":24145,"href":"https:\/\/2horizontes.com\/index.php?rest_route=\/wp\/v2\/posts\/24143\/revisions\/24145"}],"wp:featuredmedia":[{"embeddable":true,"href":"https:\/\/2horizontes.com\/index.php?rest_route=\/wp\/v2\/media\/24144"}],"wp:attachment":[{"href":"https:\/\/2horizontes.com\/index.php?rest_route=%2Fwp%2Fv2%2Fmedia&parent=24143"}],"wp:term":[{"taxonomy":"category","embeddable":true,"href":"https:\/\/2horizontes.com\/index.php?rest_route=%2Fwp%2Fv2%2Fcategories&post=24143"},{"taxonomy":"post_tag","embeddable":true,"href":"https:\/\/2horizontes.com\/index.php?rest_route=%2Fwp%2Fv2%2Ftags&post=24143"}],"curies":[{"name":"wp","href":"https:\/\/api.w.org\/{rel}","templated":true}]}}