{"id":24076,"date":"2015-09-13T14:34:19","date_gmt":"2015-09-13T13:34:19","guid":{"rendered":"http:\/\/2horizontes.com\/?p=24076"},"modified":"2015-09-13T14:34:19","modified_gmt":"2015-09-13T13:34:19","slug":"tony-pena-guaba-expresa-sobre-el-pacto-de-vargas-con-el-pld","status":"publish","type":"post","link":"https:\/\/2horizontes.com\/?p=24076","title":{"rendered":"Tony Pe\u00f1a Guaba expresa  sobre el pacto de Vargas con el PLD"},"content":{"rendered":"<p>SANTODOMINGO.- El secretario general del Partido Revolucionario Dominicano (PRD), Tony Pe\u00f1a Guaba, asegur\u00f3 que su padre, Jos\u00e9 Francisco Pe\u00f1a G\u00f3mez, no hubiese pactado con un partido de gobierno, como lo acaba de hacer su partido con el oficialista PLD.<\/p>\n<p>\u201cPor el contrario, mi padre hubiese auspiciado la unificaci\u00f3n de la oposici\u00f3n para enfrentar al oficialismo\u201d, expres\u00f3.<\/p>\n<p>Record\u00f3 que en 1990, cuando el PRD pas\u00f3 por una crisis similar a la que atraviesa en la actualidad, Pe\u00f1a G\u00f3mez le propuso al profesor Juan Bosch apoyarlo para enfrentar la reelecci\u00f3n del entonces presidente, Joaqu\u00edn Balaguer.<\/p>\n<p>Asegur\u00f3 que \u201csi mi padre estuviera vivo, los perrede\u00edstas estuvieran unificados, porque ese siempre fue su legado y su trabajo, ya que hay que recordar que el naci\u00f3 y vivi\u00f3 para su partido, a tal punto que entreg\u00f3 su vida por esa organizaci\u00f3n\u201d.<\/p>\n<p>\u201cYo pienso que mi padre hubiese apostado por el reencuentro de los perrede\u00edstas. Creo que ese hubiese sido su papel. Es verdad que la pol\u00edtica ha cambiado, que ya no existe un mundo bipolar, pero conociendo a mi padre, entiendo que antes de pactar, hubiese hecho un esfuerzo para reunificar al PRD\u201d, subray\u00f3.<\/p>\n<p>Reiter\u00f3 que, independientemente del pacto a que arribo el presidente de su partido con el PLD, s\u00f3lo realizar\u00e1 campa\u00f1a por los candidatos del PRD y afirm\u00f3 que ser\u00e1 la historia la que en su momento juzgar\u00e1 si dicho acuerdo es bueno o malo.<\/p>\n<p>Insisti\u00f3 en que no ocupar\u00e1 ning\u00fan cargo en la administraci\u00f3n p\u00fablica, ya que, como militante perrede\u00edsta, solo trabajar\u00eda en un gobierno de esa organizaci\u00f3n.<\/p>\n<p>En otro orden, se opuso a que el PRD conceda el aval para que el PLD y el Partido Revolucionario Moderno (PRM) ingresen a la Internacional Socialista.<\/p>\n<p><strong>PRM responde a intereses de EU<\/strong><\/p>\n<p>Asimismo, acus\u00f3 al PRM de representar los intereses de Estados Unidos. \u201cAdem\u00e1s, es un secreto a voces, que importantes figuras perreme\u00edstas tienen asesor\u00edas y contratas en el gobierno del presidente Danilo Medina\u201d, agreg\u00f3.<\/p>\n<p>\u201cEl PRM tiene la agenda americana. Es decir , responde a los designios de Estados Unidos y no defiende la soberan\u00eda de la Rep\u00fablica Dominicana\u201d, manifest\u00f3.<\/p>\n<p>Dijo que el PRM favorece que al tema de la inmigraci\u00f3n haitiana se resuelva como quieren los organismos internacionales, \u201cpisoteando la soberan\u00eda del pa\u00eds\u201d.<\/p>\n<p>\u201cEl PRM tiene una gran parte de la agenda norteamericana. Eso se ha visto y se ha dicho aqu\u00ed. Los pronunciamientos est\u00e1n ah\u00ed, a la orden del d\u00eda\u201d, insisti\u00f3.<\/p>\n<p>Pe\u00f1a Guaba fue entrevistado por H\u00e9ctor Herrera Cabral en el programa D\u2019Agenda, que se transmite por Telesistema.<\/p>\n","protected":false},"excerpt":{"rendered":"<p>SANTODOMINGO.- El secretario general del Partido Revolucionario Dominicano (PRD), Tony Pe\u00f1a Guaba, asegur\u00f3 que su padre, Jos\u00e9 Francisco Pe\u00f1a G\u00f3mez, no hubiese pactado con un partido de gobierno, como lo acaba de hacer su partido con el oficialista PLD. \u201cPor el contrario, mi padre hubiese auspiciado la unificaci\u00f3n de la oposici\u00f3n para enfrentar al oficialismo\u201d, [&hellip;]<\/p>\n","protected":false},"author":4,"featured_media":24077,"comment_status":"open","ping_status":"open","sticky":false,"template":"","format":"standard","meta":{"footnotes":""},"categories":[43,44],"tags":[],"class_list":["post-24076","post","type-post","status-publish","format-standard","has-post-thumbnail","hentry","category-politica","category-republica-dominicana"],"_links":{"self":[{"href":"https:\/\/2horizontes.com\/index.php?rest_route=\/wp\/v2\/posts\/24076","targetHints":{"allow":["GET"]}}],"collection":[{"href":"https:\/\/2horizontes.com\/index.php?rest_route=\/wp\/v2\/posts"}],"about":[{"href":"https:\/\/2horizontes.com\/index.php?rest_route=\/wp\/v2\/types\/post"}],"author":[{"embeddable":true,"href":"https:\/\/2horizontes.com\/index.php?rest_route=\/wp\/v2\/users\/4"}],"replies":[{"embeddable":true,"href":"https:\/\/2horizontes.com\/index.php?rest_route=%2Fwp%2Fv2%2Fcomments&post=24076"}],"version-history":[{"count":1,"href":"https:\/\/2horizontes.com\/index.php?rest_route=\/wp\/v2\/posts\/24076\/revisions"}],"predecessor-version":[{"id":24078,"href":"https:\/\/2horizontes.com\/index.php?rest_route=\/wp\/v2\/posts\/24076\/revisions\/24078"}],"wp:featuredmedia":[{"embeddable":true,"href":"https:\/\/2horizontes.com\/index.php?rest_route=\/wp\/v2\/media\/24077"}],"wp:attachment":[{"href":"https:\/\/2horizontes.com\/index.php?rest_route=%2Fwp%2Fv2%2Fmedia&parent=24076"}],"wp:term":[{"taxonomy":"category","embeddable":true,"href":"https:\/\/2horizontes.com\/index.php?rest_route=%2Fwp%2Fv2%2Fcategories&post=24076"},{"taxonomy":"post_tag","embeddable":true,"href":"https:\/\/2horizontes.com\/index.php?rest_route=%2Fwp%2Fv2%2Ftags&post=24076"}],"curies":[{"name":"wp","href":"https:\/\/api.w.org\/{rel}","templated":true}]}}