{"id":24030,"date":"2015-09-12T20:02:35","date_gmt":"2015-09-12T19:02:35","guid":{"rendered":"http:\/\/2horizontes.com\/?p=24030"},"modified":"2015-09-12T20:02:35","modified_gmt":"2015-09-12T19:02:35","slug":"el-secretario-de-estado-de-ee-uu-profunda-preocupacion-por-la-condena-contra-leopoldo-lopez","status":"publish","type":"post","link":"https:\/\/2horizontes.com\/?p=24030","title":{"rendered":"El secretario de Estado de EE.UU. \u00abprofunda preocupaci\u00f3n\u00bb por la condena contra Leopoldo L\u00f3pez"},"content":{"rendered":"<div id=\"ArticleAuthorDiv\" class=\"article-body-author\"><b>EFE<\/b><\/div>\n<div id=\"ArticleSourceDiv\" class=\"article-body-author\"><b>Washington<\/b><\/div>\n<div id=\"ArticleBody\">\n<p>El secretario de Estado de EE.UU., John Kerry, manifest\u00f3 hoy la \u00abprofunda preocupaci\u00f3n\u00bb del Gobierno estadounidense por la condena y la sentencia contra el l\u00edder opositor venezolano Leopoldo L\u00f3pez.<\/p>\n<p>\u00abLa decisi\u00f3n del tribunal plantea gran preocupaci\u00f3n por la naturaleza pol\u00edtica del proceso judicial y el veredicto, y el uso del sistema judicial venezolano para reprimir y castigar a los cr\u00edticos del gobierno\u00bb, afirm\u00f3 Kerry en un comunicado.<\/p>\n<p>El dirigente opositor venezolano fue condenado este jueves a 13 a\u00f1os y 9 meses de prisi\u00f3n por el tribunal que le juzga en primera instancia, la m\u00e1xima pena para los delitos de los que estaba acusado en relaci\u00f3n a los hechos violentos ocurridos al final de una marcha antigubernamental el 12 de febrero de 2014.<\/p>\n<p>\u00abDesde el arresto y encarcelamiento del se\u00f1or L\u00f3pez, en febrero de 2014, se ha puesto de relieve nuestra preocupaci\u00f3n por los cargos presentados contra \u00e9l que consideramos ileg\u00edtimos, y hemos pedido reiteradamente su liberaci\u00f3n y la liberaci\u00f3n de todos los venezolanos que est\u00e1n encarcelados por razones pol\u00edticas\u00bb, agreg\u00f3 el jefe de la diplomacia estadounidense.<\/p>\n<p>Asimismo Kerry inst\u00f3 al Gobierno de Venezuela \u00aba respetar los derechos de todos los presos pol\u00edticos y garantizar un juicio p\u00fablico justo y transparente\u00bb que sea conforme con la Declaraci\u00f3n Americana de los Derechos y Deberes del Hombre, la Carta Democr\u00e1tica Interamericana, el Pacto Internacional de Derechos Civiles y Pol\u00edticos y la Constituci\u00f3n de Venezuela.<\/p>\n<p>Otros l\u00edderes pol\u00edticos estadounidenses, como el senador dem\u00f3crata Robert Men\u00e9ndez, denunciaron tambi\u00e9n la decisi\u00f3n de la Justicia venezolana contra L\u00f3pez, una condena que consider\u00f3 \u00abarbitraria e injusta\u00bb.<\/p>\n<p>Men\u00e9ndez subray\u00f3 que el fallo \u00abmuestra una vez m\u00e1s la voluntad del Gobierno de Venezuela para ir a las longitudes m\u00e1s extremas para silenciar a sus opositores pol\u00edticos y los que defienden la democracia y los derechos humanos\u00bb.<\/p>\n<p>\u00abDesde su inicio, el juicio de Leopoldo L\u00f3pez ha sido una parodia de la justicia en la que fabric\u00f3 las reclamaciones y se utilizaron pruebas falsas para destruir cualquier apariencia de debido proceso que queda en Venezuela\u00bb, agreg\u00f3 el senador.<\/p>\n<p>Seg\u00fan Men\u00e9ndez, expresidente del Comit\u00e9 de Relaciones Exteriores del Senado estadounidense, el Gobierno de Nicol\u00e1s Maduro recurre cada vez m\u00e1s a \u00abt\u00e1cticas desesperadas para desviar la atenci\u00f3n de su modelo pol\u00edtico y econ\u00f3mico fracasado\u00bb.<\/p>\n<p>\u00abEl mundo debe ser inequ\u00edvoco en su condena del caso L\u00f3pez y el deterioro acelerado de la democracia y el Estado de Derecho en el pa\u00eds\u00bb, a\u00f1adi\u00f3 el legislador.<\/p>\n<p>Men\u00e9ndez anunci\u00f3 que continuar\u00e1 trabajando con otros congresistas en el Senado para presionar con m\u00e1s sanciones espec\u00edficas al Gobierno de Maduro a ra\u00edz de la sentencia contra el l\u00edder opositor.<\/p>\n<\/div>\n","protected":false},"excerpt":{"rendered":"<p>EFE Washington El secretario de Estado de EE.UU., John Kerry, manifest\u00f3 hoy la \u00abprofunda preocupaci\u00f3n\u00bb del Gobierno estadounidense por la condena y la sentencia contra el l\u00edder opositor venezolano Leopoldo L\u00f3pez. \u00abLa decisi\u00f3n del tribunal plantea gran preocupaci\u00f3n por la naturaleza pol\u00edtica del proceso judicial y el veredicto, y el uso del sistema judicial venezolano [&hellip;]<\/p>\n","protected":false},"author":7,"featured_media":24031,"comment_status":"open","ping_status":"open","sticky":false,"template":"","format":"standard","meta":{"footnotes":""},"categories":[40,43,48],"tags":[],"class_list":["post-24030","post","type-post","status-publish","format-standard","has-post-thumbnail","hentry","category-internacionales","category-politica","category-venezuela"],"_links":{"self":[{"href":"https:\/\/2horizontes.com\/index.php?rest_route=\/wp\/v2\/posts\/24030","targetHints":{"allow":["GET"]}}],"collection":[{"href":"https:\/\/2horizontes.com\/index.php?rest_route=\/wp\/v2\/posts"}],"about":[{"href":"https:\/\/2horizontes.com\/index.php?rest_route=\/wp\/v2\/types\/post"}],"author":[{"embeddable":true,"href":"https:\/\/2horizontes.com\/index.php?rest_route=\/wp\/v2\/users\/7"}],"replies":[{"embeddable":true,"href":"https:\/\/2horizontes.com\/index.php?rest_route=%2Fwp%2Fv2%2Fcomments&post=24030"}],"version-history":[{"count":1,"href":"https:\/\/2horizontes.com\/index.php?rest_route=\/wp\/v2\/posts\/24030\/revisions"}],"predecessor-version":[{"id":24032,"href":"https:\/\/2horizontes.com\/index.php?rest_route=\/wp\/v2\/posts\/24030\/revisions\/24032"}],"wp:featuredmedia":[{"embeddable":true,"href":"https:\/\/2horizontes.com\/index.php?rest_route=\/wp\/v2\/media\/24031"}],"wp:attachment":[{"href":"https:\/\/2horizontes.com\/index.php?rest_route=%2Fwp%2Fv2%2Fmedia&parent=24030"}],"wp:term":[{"taxonomy":"category","embeddable":true,"href":"https:\/\/2horizontes.com\/index.php?rest_route=%2Fwp%2Fv2%2Fcategories&post=24030"},{"taxonomy":"post_tag","embeddable":true,"href":"https:\/\/2horizontes.com\/index.php?rest_route=%2Fwp%2Fv2%2Ftags&post=24030"}],"curies":[{"name":"wp","href":"https:\/\/api.w.org\/{rel}","templated":true}]}}