{"id":24027,"date":"2015-09-12T19:56:09","date_gmt":"2015-09-12T18:56:09","guid":{"rendered":"http:\/\/2horizontes.com\/?p=24027"},"modified":"2015-09-12T19:56:09","modified_gmt":"2015-09-12T18:56:09","slug":"juez-cita-a-perez-molina-por-dinero-embargado-en-marco-de-caso-por-corrupcion","status":"publish","type":"post","link":"https:\/\/2horizontes.com\/?p=24027","title":{"rendered":"Juez cita a P\u00e9rez Molina por dinero embargado en marco de caso por corrupci\u00f3n"},"content":{"rendered":"<div id=\"ArticleAuthorDiv\" class=\"article-body-author\"><b>EFE<\/b><\/div>\n<div id=\"ArticleSourceDiv\" class=\"article-body-author\"><b>Guatemala<\/b><\/div>\n<div id=\"ArticleBody\">\n<p>El expresidente de Guatemala Otto P\u00e9rez Molina, detenido tras renunciar la semana pasada al cargo, fue citado para que explique hoy al juez del caso la procedencia de casi 700.000 d\u00f3lares que le fueron embargados en el marco de la investigaci\u00f3n por su supuesta vinculaci\u00f3n a una red de corrupci\u00f3n.<\/p>\n<p>La citaci\u00f3n fue emitida por el titular del Juzgado B de Mayor Riesgo, Miguel \u00c1ngel G\u00e1lvez, e indica que P\u00e9rez Molina deber\u00e1 comparecer este viernes al juzgado a las 14:00 hora local (20.00 GMT) acompa\u00f1ado de su abogado C\u00e9sar Calder\u00f3n.<\/p>\n<p>En la audiencia, el exmandatario deber\u00e1 presentar pruebas sobre el origen de los recursos que ten\u00eda en cinco cuentas bancarias en quetzales, la moneda local, y una en d\u00f3lares.<\/p>\n<p>La comparecencia fue solicitada por P\u00e9rez Molina, quien renunci\u00f3 a la Presidencia de Guatemala la semana pasada para enfrentar a la Justicia, ante la cual ha defendido su inocencia.<\/p>\n<p>El juez de Extinci\u00f3n de Dominio, Marco Antonio Villeda, explic\u00f3 ayer a periodistas que a petici\u00f3n del Ministerio P\u00fablico (MP) orden\u00f3 el embargo de las cuentas como medida cautelar, lo que implica que no puede utilizar los recursos hasta que demuestre su origen.<\/p>\n<p>Seg\u00fan Villeda, fueron congelados 5.228.360 quetzales y 22.723 d\u00f3lares con el objetivo de \u00abasegurar los bienes\u00bb.<\/p>\n<p>P\u00e9rez Molina est\u00e1 en prisi\u00f3n desde el pasado 3 de septiembre, cuando el Congreso acept\u00f3 la renuncia que present\u00f3 y jurament\u00f3 a Alejandro Maldonado, hasta entonces vicepresidente, como el nuevo jefe de Estado de Guatemala.<\/p>\n<p>El general retirado, de 64 a\u00f1os, fue imputado por la Fiscal\u00eda de los delitos de asociaci\u00f3n il\u00edcita, cohecho pasivo y caso especial de defraudaci\u00f3n aduanera por el caso de corrupci\u00f3n conocido como \u00abLa L\u00ednea\u00bb.<\/p>\n<p>Esa estructura, en la que se involucra a la exvicepresidenta Roxana Baldetti, tambi\u00e9n en prisi\u00f3n preventiva, fue desmantelada el pasado 16 de abril por el MP y la Comisi\u00f3n Internacional contra la Impunidad en Guatemala (Cicig).<\/p>\n<p>P\u00e9rez Molina ha negado cualquier v\u00ednculo con la red y ayer su abogado apel\u00f3 la decisi\u00f3n del juez G\u00e1lvez de ligarlo al proceso y dejarlo en prisi\u00f3n preventiva.<\/p>\n<p>El argumento de la apelaci\u00f3n es que no existen pruebas concretas de la participaci\u00f3n de P\u00e9rez Molina en los delitos que le imputa la Fiscal\u00eda.<\/p>\n<\/div>\n","protected":false},"excerpt":{"rendered":"<p>EFE Guatemala El expresidente de Guatemala Otto P\u00e9rez Molina, detenido tras renunciar la semana pasada al cargo, fue citado para que explique hoy al juez del caso la procedencia de casi 700.000 d\u00f3lares que le fueron embargados en el marco de la investigaci\u00f3n por su supuesta vinculaci\u00f3n a una red de corrupci\u00f3n. La citaci\u00f3n fue [&hellip;]<\/p>\n","protected":false},"author":7,"featured_media":24028,"comment_status":"open","ping_status":"open","sticky":false,"template":"","format":"standard","meta":{"footnotes":""},"categories":[40],"tags":[],"class_list":["post-24027","post","type-post","status-publish","format-standard","has-post-thumbnail","hentry","category-internacionales"],"_links":{"self":[{"href":"https:\/\/2horizontes.com\/index.php?rest_route=\/wp\/v2\/posts\/24027","targetHints":{"allow":["GET"]}}],"collection":[{"href":"https:\/\/2horizontes.com\/index.php?rest_route=\/wp\/v2\/posts"}],"about":[{"href":"https:\/\/2horizontes.com\/index.php?rest_route=\/wp\/v2\/types\/post"}],"author":[{"embeddable":true,"href":"https:\/\/2horizontes.com\/index.php?rest_route=\/wp\/v2\/users\/7"}],"replies":[{"embeddable":true,"href":"https:\/\/2horizontes.com\/index.php?rest_route=%2Fwp%2Fv2%2Fcomments&post=24027"}],"version-history":[{"count":1,"href":"https:\/\/2horizontes.com\/index.php?rest_route=\/wp\/v2\/posts\/24027\/revisions"}],"predecessor-version":[{"id":24029,"href":"https:\/\/2horizontes.com\/index.php?rest_route=\/wp\/v2\/posts\/24027\/revisions\/24029"}],"wp:featuredmedia":[{"embeddable":true,"href":"https:\/\/2horizontes.com\/index.php?rest_route=\/wp\/v2\/media\/24028"}],"wp:attachment":[{"href":"https:\/\/2horizontes.com\/index.php?rest_route=%2Fwp%2Fv2%2Fmedia&parent=24027"}],"wp:term":[{"taxonomy":"category","embeddable":true,"href":"https:\/\/2horizontes.com\/index.php?rest_route=%2Fwp%2Fv2%2Fcategories&post=24027"},{"taxonomy":"post_tag","embeddable":true,"href":"https:\/\/2horizontes.com\/index.php?rest_route=%2Fwp%2Fv2%2Ftags&post=24027"}],"curies":[{"name":"wp","href":"https:\/\/api.w.org\/{rel}","templated":true}]}}