{"id":24012,"date":"2015-09-12T19:37:38","date_gmt":"2015-09-12T18:37:38","guid":{"rendered":"http:\/\/2horizontes.com\/?p=24012"},"modified":"2015-09-12T19:37:38","modified_gmt":"2015-09-12T18:37:38","slug":"obama-renueva-por-un-ano-mas-la-ley-que-sustenta-el-embargo-a-cuba","status":"publish","type":"post","link":"https:\/\/2horizontes.com\/?p=24012","title":{"rendered":"Obama renueva por un a\u00f1o m\u00e1s la ley que sustenta el embargo a Cuba"},"content":{"rendered":"<div id=\"ArticleAuthorDiv\" class=\"article-body-author\"><b>EFE<\/b><\/div>\n<div id=\"ArticleSourceDiv\" class=\"article-body-author\"><b>Washington<\/b><\/div>\n<div id=\"ArticleBody\">\n<p>El presidente de EE.UU., Barack Obama, renov\u00f3 ayer por un a\u00f1o m\u00e1s la llamada Ley de Comercio con el Enemigo, un estatuto de 1917 que sustenta el embargo econ\u00f3mico impuesto a Cuba.<\/p>\n<p>En una declaraci\u00f3n enviada a Efe, un alto funcionario del Gobierno explic\u00f3 bajo anonimato que esa pr\u00f3rroga implica que Obama sigue manteniendo su autoridad y \u00abflexibilidad\u00bb para relajar las sanciones a Cuba mediante decretos ejecutivos.<\/p>\n<p>Obama ten\u00eda que decidir antes del pr\u00f3ximo lunes, 14 de septiembre, si prolongaba las sanciones a Cuba bajo la llamada Ley de Comercio con el Enemigo, un estatuto de 1917 al que el entonces presidente John Kennedy recurri\u00f3 en 1962 para imponer el embargo econ\u00f3mico a la isla y que desde entonces han renovado, a\u00f1o tras a\u00f1o, los nueve siguientes<\/p>\n<p>Cuba es actualmente el \u00fanico pa\u00eds del mundo sancionado bajo esa ley, que autoriza al presidente de EE.UU. a imponer y mantener restricciones econ\u00f3micas a Estados considerados hostiles.<\/p>\n<p>En un memorando enviado hoy a los secretarios de Estado y del Tesoro, Obama explica que su decisi\u00f3n de prorrogar por un a\u00f1o m\u00e1s la ley, hasta el 14 de septiembre de 2016, est\u00e1 \u00aben el inter\u00e9s nacional\u00bb de EE.UU.<\/p>\n<p>La \u00abrenovaci\u00f3n\u00bb de la Ley de Comercio con el Enemigo \u00abmaximiza la flexibilidad del presidente para administrar el embargo a Cuba y autorizar determinadas transacciones\u00bb, precis\u00f3 a Efe el alto funcionario en su declaraci\u00f3n.<\/p>\n<p>A continuaci\u00f3n, agreg\u00f3 que esa flexibilidad \u00abes fundamental\u00bb para \u00abel compromiso\u00bb del Gobierno de Obama de ayudar al pueblo cubano \u00aba determinar libremente su propio futuro\u00bb.<\/p>\n<p>Por otro lado, Peter Boogaard, un portavoz del Consejo de Seguridad Nacional (NSC) de la Casa Blanca, dijo a Efe en otra declaraci\u00f3n que Obama \u00absigue creyendo que el Congreso deber\u00eda levantar el embargo a Cuba\u00bb y ya ha tomado una serie de medidas para \u00abnormalizar las relaciones\u00bb con la isla.<\/p>\n<p>Boogaard detall\u00f3 que, \u00abhasta que el Congreso act\u00fae, la Administraci\u00f3n seguir\u00e1 tomando medidas prudentes y responsables para permitir el comercio y los viajes\u00bb con Cuba dentro de las \u00ablimitaciones\u00bb que impone el embargo.<\/p>\n<\/div>\n","protected":false},"excerpt":{"rendered":"<p>EFE Washington El presidente de EE.UU., Barack Obama, renov\u00f3 ayer por un a\u00f1o m\u00e1s la llamada Ley de Comercio con el Enemigo, un estatuto de 1917 que sustenta el embargo econ\u00f3mico impuesto a Cuba. En una declaraci\u00f3n enviada a Efe, un alto funcionario del Gobierno explic\u00f3 bajo anonimato que esa pr\u00f3rroga implica que Obama sigue [&hellip;]<\/p>\n","protected":false},"author":7,"featured_media":24013,"comment_status":"open","ping_status":"open","sticky":false,"template":"","format":"standard","meta":{"footnotes":""},"categories":[49,40,43],"tags":[],"class_list":["post-24012","post","type-post","status-publish","format-standard","has-post-thumbnail","hentry","category-cuba","category-internacionales","category-politica"],"_links":{"self":[{"href":"https:\/\/2horizontes.com\/index.php?rest_route=\/wp\/v2\/posts\/24012","targetHints":{"allow":["GET"]}}],"collection":[{"href":"https:\/\/2horizontes.com\/index.php?rest_route=\/wp\/v2\/posts"}],"about":[{"href":"https:\/\/2horizontes.com\/index.php?rest_route=\/wp\/v2\/types\/post"}],"author":[{"embeddable":true,"href":"https:\/\/2horizontes.com\/index.php?rest_route=\/wp\/v2\/users\/7"}],"replies":[{"embeddable":true,"href":"https:\/\/2horizontes.com\/index.php?rest_route=%2Fwp%2Fv2%2Fcomments&post=24012"}],"version-history":[{"count":1,"href":"https:\/\/2horizontes.com\/index.php?rest_route=\/wp\/v2\/posts\/24012\/revisions"}],"predecessor-version":[{"id":24014,"href":"https:\/\/2horizontes.com\/index.php?rest_route=\/wp\/v2\/posts\/24012\/revisions\/24014"}],"wp:featuredmedia":[{"embeddable":true,"href":"https:\/\/2horizontes.com\/index.php?rest_route=\/wp\/v2\/media\/24013"}],"wp:attachment":[{"href":"https:\/\/2horizontes.com\/index.php?rest_route=%2Fwp%2Fv2%2Fmedia&parent=24012"}],"wp:term":[{"taxonomy":"category","embeddable":true,"href":"https:\/\/2horizontes.com\/index.php?rest_route=%2Fwp%2Fv2%2Fcategories&post=24012"},{"taxonomy":"post_tag","embeddable":true,"href":"https:\/\/2horizontes.com\/index.php?rest_route=%2Fwp%2Fv2%2Ftags&post=24012"}],"curies":[{"name":"wp","href":"https:\/\/api.w.org\/{rel}","templated":true}]}}