{"id":23972,"date":"2015-09-11T21:37:17","date_gmt":"2015-09-11T20:37:17","guid":{"rendered":"http:\/\/2horizontes.com\/?p=23972"},"modified":"2015-09-11T21:37:17","modified_gmt":"2015-09-11T20:37:17","slug":"una-filmacion-con-narcos-en-accion","status":"publish","type":"post","link":"https:\/\/2horizontes.com\/?p=23972","title":{"rendered":"Una filmaci\u00f3n con narcos en acci\u00f3n"},"content":{"rendered":"<p>RD- SANTO DOMINGO-Es muy notable la presencia creciente de pel\u00edculas, novelas y series de televisi\u00f3n que toman en sus guiones historias que tengan presencia de personajes involucrados en el narcotr\u00e1fico, que va de la mano con la acci\u00f3n.<\/p>\n<p>Varias cadenas de la pantalla chica en estos \u00faltimos a\u00f1os han realizado producciones muy costosas y que han tenido bastante \u00e9xito.<\/p>\n<p>\u2018El capo\u2019, \u2018Rosario tijeras\u2019, \u2018La reina del sur\u2019, \u2018El cartel\u2019, \u2018Las mu\u00f1ecas de la mafia\u2019 e incluso aquella famosa telenovela \u2018Sin senos no hay para\u00edso\u2019, que dio mucho de que hablar, son algunas de ellas.<\/p>\n<p>De tal modo, la empresa productora de la pel\u00edcula \u2018Oro y polvo\u2019, producida por William Fay, Huchi Lora y F\u00e9lix Limardo, en la tarde del mi\u00e9rcoles en la sala 1 del Palacio del Cine en Agora Mall, realiz\u00f3 un encuentro para proyectar el \u2018trailer\u2019 de la cinta que fusiona la realidad, la acci\u00f3n y el tr\u00e1fico de sustancias prohibidas.<\/p>\n<p>Lora comenta que, adem\u00e1s, cuenta con relatos que van de la mano con lo que sucede en el pa\u00eds en el mundo il\u00edcito.<\/p>\n<p><strong>En dos idiomas<\/strong><br \/>\nSatisfechos con el largometraje \u2018El teniente Amado\u2019, decidieron tener una producci\u00f3n un poco m\u00e1s ambiciosa en el mercado del cine, pues al igual que esta narraci\u00f3n de la Era de Trujillo, ser\u00e1 proyectada con audios en ingl\u00e9s y espa\u00f1ol para ampliar el campo y tener m\u00e1s oportunidades de que los extranjeros disfruten esta pel\u00edcula en el idioma en que deseen.<\/p>\n<p>El filme, que se estrenar\u00e1 este 22 de octubre, cuenta con actores de pa\u00edses en donde se trata d\u00eda a d\u00eda de controlar la venta y distribuci\u00f3n de sustancias ilegales, como M\u00e9xico, Colombia y Estados Unidos.<\/p>\n<p>Algunos son de la talla del mexicano Rafael Amaya, quien en la actualidad est\u00e1 grabando la tercera temporada de \u2018El se\u00f1or de los cielos\u2019, y la cantante, modelo y actriz colombiana Carolina Guerra, con vasta experiencia en historias de este tipo.<\/p>\n<p>Ella, como protagonista de \u2018El cartel 2\u2019, encarn\u00f3 a Vicky Puerta, una joven del modelaje que tiene un encuentro con \u2018El cabo\u2019 (Robinson D\u00edaz) en un certamen de belleza y este queda completamente encantado con su apariencia, lo que la obliga a vivir momentos con traficantes de drogas.<\/p>\n<p>Algo semejante a lo que se observ\u00f3 en \u2018Sin senos no hay para\u00edso\u2019 con Catalina, personaje representado por la actriz Carmen Villalobos.<\/p>\n<p>Lora declara que \u201cla historia al final tiene un bonito mensaje\u201d. \u2018<\/p>\n","protected":false},"excerpt":{"rendered":"<p>RD- SANTO DOMINGO-Es muy notable la presencia creciente de pel\u00edculas, novelas y series de televisi\u00f3n que toman en sus guiones historias que tengan presencia de personajes involucrados en el narcotr\u00e1fico, que va de la mano con la acci\u00f3n. Varias cadenas de la pantalla chica en estos \u00faltimos a\u00f1os han realizado producciones muy costosas y que [&hellip;]<\/p>\n","protected":false},"author":8,"featured_media":23973,"comment_status":"open","ping_status":"open","sticky":false,"template":"","format":"standard","meta":{"footnotes":""},"categories":[1,44],"tags":[],"class_list":["post-23972","post","type-post","status-publish","format-standard","has-post-thumbnail","hentry","category-entretenimiento","category-republica-dominicana"],"_links":{"self":[{"href":"https:\/\/2horizontes.com\/index.php?rest_route=\/wp\/v2\/posts\/23972","targetHints":{"allow":["GET"]}}],"collection":[{"href":"https:\/\/2horizontes.com\/index.php?rest_route=\/wp\/v2\/posts"}],"about":[{"href":"https:\/\/2horizontes.com\/index.php?rest_route=\/wp\/v2\/types\/post"}],"author":[{"embeddable":true,"href":"https:\/\/2horizontes.com\/index.php?rest_route=\/wp\/v2\/users\/8"}],"replies":[{"embeddable":true,"href":"https:\/\/2horizontes.com\/index.php?rest_route=%2Fwp%2Fv2%2Fcomments&post=23972"}],"version-history":[{"count":1,"href":"https:\/\/2horizontes.com\/index.php?rest_route=\/wp\/v2\/posts\/23972\/revisions"}],"predecessor-version":[{"id":23974,"href":"https:\/\/2horizontes.com\/index.php?rest_route=\/wp\/v2\/posts\/23972\/revisions\/23974"}],"wp:featuredmedia":[{"embeddable":true,"href":"https:\/\/2horizontes.com\/index.php?rest_route=\/wp\/v2\/media\/23973"}],"wp:attachment":[{"href":"https:\/\/2horizontes.com\/index.php?rest_route=%2Fwp%2Fv2%2Fmedia&parent=23972"}],"wp:term":[{"taxonomy":"category","embeddable":true,"href":"https:\/\/2horizontes.com\/index.php?rest_route=%2Fwp%2Fv2%2Fcategories&post=23972"},{"taxonomy":"post_tag","embeddable":true,"href":"https:\/\/2horizontes.com\/index.php?rest_route=%2Fwp%2Fv2%2Ftags&post=23972"}],"curies":[{"name":"wp","href":"https:\/\/api.w.org\/{rel}","templated":true}]}}