{"id":23969,"date":"2015-09-11T21:33:05","date_gmt":"2015-09-11T20:33:05","guid":{"rendered":"http:\/\/2horizontes.com\/?p=23969"},"modified":"2015-09-11T21:33:05","modified_gmt":"2015-09-11T20:33:05","slug":"una-nueva-etapa-del-batallon","status":"publish","type":"post","link":"https:\/\/2horizontes.com\/?p=23969","title":{"rendered":"Una nueva etapa del Batall\u00f3n"},"content":{"rendered":"<p>RD- SANTO DOMINGO-Si partimos de la madurez musical, consideramos que nos encontramos en una nueva etapa musical, ya que muchos exponentes solo se preocupan en dar el \u00a5boom\u00a5 pero no en mantenerlo\u201d, as\u00ed expres\u00f3 T.Y.S, integrante del grupo urbano El Batall\u00f3n.<\/p>\n<p>En una entrevista dentro de las instalaciones del LIST\u00cdN DIARIO, los int\u00e9rpretes del tr\u00edo musical afirmaron que con el tema \u201cNo te pue\u00a5 kill\u00e1\u201d marcar\u00e1n otro hito en el g\u00e9nero.<\/p>\n<p>\u201cEl tema tiene muchas expectativas, e incluso, la idea de un audiovisual ya est\u00e1 en carpeta\u201d, asegur\u00f3 Big K.<\/p>\n<p>Seg\u00fan Big O, la canci\u00f3n pertenece al pr\u00f3ximo \u00e1lbum del grupo titulado \u201cTres\u201d, que est\u00e1 supuesto a estrenarse a finales de este a\u00f1o.<\/p>\n<p>El Batall\u00f3n indic\u00f3 que el tema cuenta con lir\u00edcas jocosas que \u201clogran capturar el sentimiento alegre de no dar acceso a ning\u00fan tipo de negatividad en nuestras vidas\u201d.<\/p>\n<p>La producci\u00f3n estuvo a cargo de Chael, productor del himno urbano \u201cPal de velitas\u201d, quien logr\u00f3 mezclar el reggae \u201cold school\u201d con ritmos urbanos m\u00e1s actuales.<\/p>\n<p>\u201cNos estamos enfocando en hacer m\u00fasica con el fin de que la gente celebre, se sienta bien y bote el golpe\u201d.\u00a0 expresaron\u00a0 sus integrantes TYS, Big O y Big K.<\/p>\n<p>El Batall\u00f3n ha permanecido en el gusto popular gracias a canciones como \u201cUn tro\u201d y \u201cEl que se fue\u201d, las cuales encabezaron por varias semanas consecutivas el Top 10 de las canciones m\u00e1s sonadas a nivel nacional.<\/p>\n","protected":false},"excerpt":{"rendered":"<p>RD- SANTO DOMINGO-Si partimos de la madurez musical, consideramos que nos encontramos en una nueva etapa musical, ya que muchos exponentes solo se preocupan en dar el \u00a5boom\u00a5 pero no en mantenerlo\u201d, as\u00ed expres\u00f3 T.Y.S, integrante del grupo urbano El Batall\u00f3n. En una entrevista dentro de las instalaciones del LIST\u00cdN DIARIO, los int\u00e9rpretes del tr\u00edo [&hellip;]<\/p>\n","protected":false},"author":8,"featured_media":23970,"comment_status":"open","ping_status":"open","sticky":false,"template":"","format":"standard","meta":{"footnotes":""},"categories":[1,44],"tags":[],"class_list":["post-23969","post","type-post","status-publish","format-standard","has-post-thumbnail","hentry","category-entretenimiento","category-republica-dominicana"],"_links":{"self":[{"href":"https:\/\/2horizontes.com\/index.php?rest_route=\/wp\/v2\/posts\/23969","targetHints":{"allow":["GET"]}}],"collection":[{"href":"https:\/\/2horizontes.com\/index.php?rest_route=\/wp\/v2\/posts"}],"about":[{"href":"https:\/\/2horizontes.com\/index.php?rest_route=\/wp\/v2\/types\/post"}],"author":[{"embeddable":true,"href":"https:\/\/2horizontes.com\/index.php?rest_route=\/wp\/v2\/users\/8"}],"replies":[{"embeddable":true,"href":"https:\/\/2horizontes.com\/index.php?rest_route=%2Fwp%2Fv2%2Fcomments&post=23969"}],"version-history":[{"count":1,"href":"https:\/\/2horizontes.com\/index.php?rest_route=\/wp\/v2\/posts\/23969\/revisions"}],"predecessor-version":[{"id":23971,"href":"https:\/\/2horizontes.com\/index.php?rest_route=\/wp\/v2\/posts\/23969\/revisions\/23971"}],"wp:featuredmedia":[{"embeddable":true,"href":"https:\/\/2horizontes.com\/index.php?rest_route=\/wp\/v2\/media\/23970"}],"wp:attachment":[{"href":"https:\/\/2horizontes.com\/index.php?rest_route=%2Fwp%2Fv2%2Fmedia&parent=23969"}],"wp:term":[{"taxonomy":"category","embeddable":true,"href":"https:\/\/2horizontes.com\/index.php?rest_route=%2Fwp%2Fv2%2Fcategories&post=23969"},{"taxonomy":"post_tag","embeddable":true,"href":"https:\/\/2horizontes.com\/index.php?rest_route=%2Fwp%2Fv2%2Ftags&post=23969"}],"curies":[{"name":"wp","href":"https:\/\/api.w.org\/{rel}","templated":true}]}}