{"id":23865,"date":"2015-09-11T13:52:13","date_gmt":"2015-09-11T12:52:13","guid":{"rendered":"http:\/\/2horizontes.com\/?p=23865"},"modified":"2015-09-11T13:52:13","modified_gmt":"2015-09-11T12:52:13","slug":"marta-y-su-mala-suerte-en-la-musica","status":"publish","type":"post","link":"https:\/\/2horizontes.com\/?p=23865","title":{"rendered":"Marta y su mala suerte en la m\u00fasica"},"content":{"rendered":"<p>Marta S\u00e1nchez no pudo acudri al concierto del 25 aniversario de Cadena Dial, seg\u00fan fuentes cercanas \u00abPor motivos de salud\u00bb. R\u00e1pidamente saltaron las alarmas. La propia cantante, muy activa en las redes sociales, ha calmado a sus fans con una foto en la que hace la se\u00f1al de victoria.<\/p>\n<p>La artista ya esta en camino de Quito para formar parte del equipo mejicano del formato de La Voz: M\u00e9xico, donde ser\u00e1 coach.<\/p>\n<p>\u00abMejorando!!! Gracias por todos vuestros mensajes! Os quiero!\u00bb publicaba esta semana en Instagam para agradecer el apoyo de tantos mensajes que sus seguidores le han enviado para preguntarle por su salud.<\/p>\n<p>Y es que la cantante se justific\u00f3 de su ausencia en Cadena Dial con el siguiente mensaje en las redes: \u00abArrastro un catarro desde el mes pasado que ya me dio problemas en algunos conciertos y que se me ha complicado en una faringolaringitis aguda debido a cambios bruscos de temperatura, pocas horas de sue\u00f1o, ritmo alto de actividad y cambios en la alimentaci\u00f3n\u00bb.<\/p>\n<p>No es el mejor momento de Marta. Seg\u00fan informa la revista S\u00e1lvame, la artista con su \u00faltimo disco no ha generado tanto beneficio econ\u00f3mico y por si eso fuera poco,su gira, apenas ha tenido repercusi\u00f3n en prensa.<\/p>\n<p>&nbsp;<\/p>\n","protected":false},"excerpt":{"rendered":"<p>Marta S\u00e1nchez no pudo acudri al concierto del 25 aniversario de Cadena Dial, seg\u00fan fuentes cercanas \u00abPor motivos de salud\u00bb. R\u00e1pidamente saltaron las alarmas. La propia cantante, muy activa en las redes sociales, ha calmado a sus fans con una foto en la que hace la se\u00f1al de victoria. La artista ya esta en camino [&hellip;]<\/p>\n","protected":false},"author":3,"featured_media":23866,"comment_status":"open","ping_status":"open","sticky":false,"template":"","format":"standard","meta":{"footnotes":""},"categories":[1],"tags":[],"class_list":["post-23865","post","type-post","status-publish","format-standard","has-post-thumbnail","hentry","category-entretenimiento"],"_links":{"self":[{"href":"https:\/\/2horizontes.com\/index.php?rest_route=\/wp\/v2\/posts\/23865","targetHints":{"allow":["GET"]}}],"collection":[{"href":"https:\/\/2horizontes.com\/index.php?rest_route=\/wp\/v2\/posts"}],"about":[{"href":"https:\/\/2horizontes.com\/index.php?rest_route=\/wp\/v2\/types\/post"}],"author":[{"embeddable":true,"href":"https:\/\/2horizontes.com\/index.php?rest_route=\/wp\/v2\/users\/3"}],"replies":[{"embeddable":true,"href":"https:\/\/2horizontes.com\/index.php?rest_route=%2Fwp%2Fv2%2Fcomments&post=23865"}],"version-history":[{"count":1,"href":"https:\/\/2horizontes.com\/index.php?rest_route=\/wp\/v2\/posts\/23865\/revisions"}],"predecessor-version":[{"id":23867,"href":"https:\/\/2horizontes.com\/index.php?rest_route=\/wp\/v2\/posts\/23865\/revisions\/23867"}],"wp:featuredmedia":[{"embeddable":true,"href":"https:\/\/2horizontes.com\/index.php?rest_route=\/wp\/v2\/media\/23866"}],"wp:attachment":[{"href":"https:\/\/2horizontes.com\/index.php?rest_route=%2Fwp%2Fv2%2Fmedia&parent=23865"}],"wp:term":[{"taxonomy":"category","embeddable":true,"href":"https:\/\/2horizontes.com\/index.php?rest_route=%2Fwp%2Fv2%2Fcategories&post=23865"},{"taxonomy":"post_tag","embeddable":true,"href":"https:\/\/2horizontes.com\/index.php?rest_route=%2Fwp%2Fv2%2Ftags&post=23865"}],"curies":[{"name":"wp","href":"https:\/\/api.w.org\/{rel}","templated":true}]}}