{"id":23854,"date":"2015-09-11T13:41:06","date_gmt":"2015-09-11T12:41:06","guid":{"rendered":"http:\/\/2horizontes.com\/?p=23854"},"modified":"2015-09-11T13:41:06","modified_gmt":"2015-09-11T12:41:06","slug":"shakira-y-thalia-planean-algo-en-contra-de-donald-trump","status":"publish","type":"post","link":"https:\/\/2horizontes.com\/?p=23854","title":{"rendered":"SHAKIRA Y THAL\u00cdA PLANEAN ALGO EN CONTRA DE DONALD TRUMP"},"content":{"rendered":"<p>Se le van a la yugular! La uni\u00f3n hace la fuerza y varios cantantes latinos se han unido para grabar la canci\u00f3n, &#8216;Todos Somos M\u00e9xico&#8217;, donde Shakira, Thal\u00eda, Carlos Santana, Pepe Aguilar, entre otros, con la cual defender\u00e1n a los inmigrantes indocumentados de los recientes ataques que Donald Trump ha hecho hacia ellos.<\/p>\n<p>El productor musical Emilio Estefan afirm\u00f3 que varias estrellas de la m\u00fasica latina se reunir\u00e1n para celebrar a los hispanos y sus logros.<\/p>\n<p>La canci\u00f3n ser\u00e1 estrenada a finales de septiembre y contar\u00e1 adem\u00e1s con la participaci\u00f3n de Wisin y Wyclef Jean.<\/p>\n","protected":false},"excerpt":{"rendered":"<p>Se le van a la yugular! La uni\u00f3n hace la fuerza y varios cantantes latinos se han unido para grabar la canci\u00f3n, &#8216;Todos Somos M\u00e9xico&#8217;, donde Shakira, Thal\u00eda, Carlos Santana, Pepe Aguilar, entre otros, con la cual defender\u00e1n a los inmigrantes indocumentados de los recientes ataques que Donald Trump ha hecho hacia ellos. El productor [&hellip;]<\/p>\n","protected":false},"author":3,"featured_media":23855,"comment_status":"open","ping_status":"open","sticky":false,"template":"","format":"standard","meta":{"footnotes":""},"categories":[1],"tags":[],"class_list":["post-23854","post","type-post","status-publish","format-standard","has-post-thumbnail","hentry","category-entretenimiento"],"_links":{"self":[{"href":"https:\/\/2horizontes.com\/index.php?rest_route=\/wp\/v2\/posts\/23854","targetHints":{"allow":["GET"]}}],"collection":[{"href":"https:\/\/2horizontes.com\/index.php?rest_route=\/wp\/v2\/posts"}],"about":[{"href":"https:\/\/2horizontes.com\/index.php?rest_route=\/wp\/v2\/types\/post"}],"author":[{"embeddable":true,"href":"https:\/\/2horizontes.com\/index.php?rest_route=\/wp\/v2\/users\/3"}],"replies":[{"embeddable":true,"href":"https:\/\/2horizontes.com\/index.php?rest_route=%2Fwp%2Fv2%2Fcomments&post=23854"}],"version-history":[{"count":1,"href":"https:\/\/2horizontes.com\/index.php?rest_route=\/wp\/v2\/posts\/23854\/revisions"}],"predecessor-version":[{"id":23856,"href":"https:\/\/2horizontes.com\/index.php?rest_route=\/wp\/v2\/posts\/23854\/revisions\/23856"}],"wp:featuredmedia":[{"embeddable":true,"href":"https:\/\/2horizontes.com\/index.php?rest_route=\/wp\/v2\/media\/23855"}],"wp:attachment":[{"href":"https:\/\/2horizontes.com\/index.php?rest_route=%2Fwp%2Fv2%2Fmedia&parent=23854"}],"wp:term":[{"taxonomy":"category","embeddable":true,"href":"https:\/\/2horizontes.com\/index.php?rest_route=%2Fwp%2Fv2%2Fcategories&post=23854"},{"taxonomy":"post_tag","embeddable":true,"href":"https:\/\/2horizontes.com\/index.php?rest_route=%2Fwp%2Fv2%2Ftags&post=23854"}],"curies":[{"name":"wp","href":"https:\/\/api.w.org\/{rel}","templated":true}]}}