{"id":23803,"date":"2015-09-11T11:15:54","date_gmt":"2015-09-11T10:15:54","guid":{"rendered":"http:\/\/2horizontes.com\/?p=23803"},"modified":"2015-09-11T11:15:54","modified_gmt":"2015-09-11T10:15:54","slug":"obama-decreta-tres-dias-de-oraciones-en-recuerdo-de-las-victimas-del-11-s","status":"publish","type":"post","link":"https:\/\/2horizontes.com\/?p=23803","title":{"rendered":"Obama decreta tres d\u00edas de oraciones en recuerdo de las v\u00edctimas del 11-S"},"content":{"rendered":"<div id=\"ArticleAuthorDiv\" class=\"article-body-author\"><b>EFE<\/b><\/div>\n<div id=\"ArticleSourceDiv\" class=\"article-body-author\"><b>Washington<\/b><\/div>\n<div id=\"ArticleBody\">\n<p>El presidente de Estados Unidos, Barack Obama, decret\u00f3 que este viernes 11, s\u00e1bado 12 y domingo 13 de septiembre ser\u00e1n d\u00edas nacionales de oraci\u00f3n en recuerdo de las v\u00edctimas de los atentados del 11 de septiembre de 2001 en Nueva York y Washington.<\/p>\n<p>\u00abYo, Barack Obama, presidente de EE.UU., en virtud de la autoridad que me confieren la Constituci\u00f3n y las leyes de EE.UU., proclamo desde el viernes 11 hasta el domingo 13 de septiembre d\u00edas de oraci\u00f3n y conmemoraci\u00f3n nacional\u00bb, indic\u00f3 el mandatario en un comunicado.<\/p>\n<p>\u00abPido a los estadounidenses que honren y recuerden a las v\u00edctimas del 11 de septiembre de 2001 y a sus seres queridos a trav\u00e9s de los rezos, la contemplaci\u00f3n, la visita a homenajes, el doblar de las campanas, las vigilias a la luz de las velas y otros homenajes y actividades\u00bb, apunt\u00f3, para a\u00f1adir que tambi\u00e9n \u00abinvita\u00bb a la gente de todo el mundo a participar en esta conmemoraci\u00f3n.<\/p>\n<p>\u00abHace 14 a\u00f1os, la paz de una bonita ma\u00f1ana se rompi\u00f3. Los acontecimientos del 11 de septiembre de 2001 dejaron una marca permanente en el esp\u00edritu de todo estadounidense, y nuestra naci\u00f3n cambi\u00f3 para siempre. Se perdieron casi 3.000 valiosas vidas, y sus seres queridos debieron afrontar una aflicci\u00f3n inimaginable\u00bb, indic\u00f3 el mandatario.<\/p>\n<p>El 11 de septiembre de 2001 EE.UU. sufri\u00f3 el peor ataque terrorista de su historia, cuando dos aviones secuestrados por Al-Qaeda impactaron contra las Torres Gemelas en Nueva York, otro contra el Pent\u00e1gono en Washington y un cuarto se estall\u00f3 contra el suelo en Pensilvania.<\/p>\n<\/div>\n","protected":false},"excerpt":{"rendered":"<p>EFE Washington El presidente de Estados Unidos, Barack Obama, decret\u00f3 que este viernes 11, s\u00e1bado 12 y domingo 13 de septiembre ser\u00e1n d\u00edas nacionales de oraci\u00f3n en recuerdo de las v\u00edctimas de los atentados del 11 de septiembre de 2001 en Nueva York y Washington. \u00abYo, Barack Obama, presidente de EE.UU., en virtud de la [&hellip;]<\/p>\n","protected":false},"author":7,"featured_media":23804,"comment_status":"open","ping_status":"open","sticky":false,"template":"","format":"standard","meta":{"footnotes":""},"categories":[40,43],"tags":[],"class_list":["post-23803","post","type-post","status-publish","format-standard","has-post-thumbnail","hentry","category-internacionales","category-politica"],"_links":{"self":[{"href":"https:\/\/2horizontes.com\/index.php?rest_route=\/wp\/v2\/posts\/23803","targetHints":{"allow":["GET"]}}],"collection":[{"href":"https:\/\/2horizontes.com\/index.php?rest_route=\/wp\/v2\/posts"}],"about":[{"href":"https:\/\/2horizontes.com\/index.php?rest_route=\/wp\/v2\/types\/post"}],"author":[{"embeddable":true,"href":"https:\/\/2horizontes.com\/index.php?rest_route=\/wp\/v2\/users\/7"}],"replies":[{"embeddable":true,"href":"https:\/\/2horizontes.com\/index.php?rest_route=%2Fwp%2Fv2%2Fcomments&post=23803"}],"version-history":[{"count":1,"href":"https:\/\/2horizontes.com\/index.php?rest_route=\/wp\/v2\/posts\/23803\/revisions"}],"predecessor-version":[{"id":23805,"href":"https:\/\/2horizontes.com\/index.php?rest_route=\/wp\/v2\/posts\/23803\/revisions\/23805"}],"wp:featuredmedia":[{"embeddable":true,"href":"https:\/\/2horizontes.com\/index.php?rest_route=\/wp\/v2\/media\/23804"}],"wp:attachment":[{"href":"https:\/\/2horizontes.com\/index.php?rest_route=%2Fwp%2Fv2%2Fmedia&parent=23803"}],"wp:term":[{"taxonomy":"category","embeddable":true,"href":"https:\/\/2horizontes.com\/index.php?rest_route=%2Fwp%2Fv2%2Fcategories&post=23803"},{"taxonomy":"post_tag","embeddable":true,"href":"https:\/\/2horizontes.com\/index.php?rest_route=%2Fwp%2Fv2%2Ftags&post=23803"}],"curies":[{"name":"wp","href":"https:\/\/api.w.org\/{rel}","templated":true}]}}