{"id":23800,"date":"2015-09-10T23:03:33","date_gmt":"2015-09-10T22:03:33","guid":{"rendered":"http:\/\/2horizontes.com\/?p=23800"},"modified":"2015-09-10T23:03:33","modified_gmt":"2015-09-10T22:03:33","slug":"la-policia-detiene-a-una-mujer-por-acuchillar-a-su-hija-y-agredir-a-un-nino","status":"publish","type":"post","link":"https:\/\/2horizontes.com\/?p=23800","title":{"rendered":"La Polic\u00eda detiene a una mujer por acuchillar a su hija y agredir a un ni\u00f1o"},"content":{"rendered":"<p>Un episodio de violencia familiar se ha desatado esta tarde en una vivienda situada en San Crist\u00f3bal de los \u00c1ngeles (Villaverde). Por causas que est\u00e1n siendo investigadas, una mujer de unos 55 a\u00f1os y nacionalidad rusa, ha sido detenida por agentes de la Polic\u00eda Nacional por asestar m\u00faltiples cuchilladas a su hija, de 30 a\u00f1os, y causar contusiones y magulladuras a un ni\u00f1os, supuestamente, su nieto, de 10 a\u00f1os.<\/p>\n<p>Por fortuna el estado de ambos no reviste gravedad. El menor tiene lesiones de car\u00e1cter leve, mientras que las heridas de la apu\u00f1alada, concentradas en pecho, abdomen y brazos son, la mayor\u00eda superficiales, salvo las del abdomen, seg\u00fan informaron fuentes de la Jefatura Superior de Polic\u00eda y de Emergencias Madrid.<\/p>\n<p>La violencia ha estallado tras producirse una pelea en un domicilio familiar, situado en el n\u00famero 43 la calle de Rocafort. Las dos v\u00edctimas han sido trasladadas por dos UVI m\u00f3vil del Summa hasta el Hospital 12 de Octubre. La mujer ha ingresado con pron\u00f3stico reservado.<\/p>\n<p>La Jefatura Superior de Polic\u00eda ha informado de la detenci\u00f3n de la sospechosa, una mujer de pasaporte ruso nacida en 1960.<\/p>\n","protected":false},"excerpt":{"rendered":"<p>Un episodio de violencia familiar se ha desatado esta tarde en una vivienda situada en San Crist\u00f3bal de los \u00c1ngeles (Villaverde). Por causas que est\u00e1n siendo investigadas, una mujer de unos 55 a\u00f1os y nacionalidad rusa, ha sido detenida por agentes de la Polic\u00eda Nacional por asestar m\u00faltiples cuchilladas a su hija, de 30 a\u00f1os, [&hellip;]<\/p>\n","protected":false},"author":3,"featured_media":23801,"comment_status":"open","ping_status":"open","sticky":false,"template":"","format":"standard","meta":{"footnotes":""},"categories":[85],"tags":[],"class_list":["post-23800","post","type-post","status-publish","format-standard","has-post-thumbnail","hentry","category-espana"],"_links":{"self":[{"href":"https:\/\/2horizontes.com\/index.php?rest_route=\/wp\/v2\/posts\/23800","targetHints":{"allow":["GET"]}}],"collection":[{"href":"https:\/\/2horizontes.com\/index.php?rest_route=\/wp\/v2\/posts"}],"about":[{"href":"https:\/\/2horizontes.com\/index.php?rest_route=\/wp\/v2\/types\/post"}],"author":[{"embeddable":true,"href":"https:\/\/2horizontes.com\/index.php?rest_route=\/wp\/v2\/users\/3"}],"replies":[{"embeddable":true,"href":"https:\/\/2horizontes.com\/index.php?rest_route=%2Fwp%2Fv2%2Fcomments&post=23800"}],"version-history":[{"count":1,"href":"https:\/\/2horizontes.com\/index.php?rest_route=\/wp\/v2\/posts\/23800\/revisions"}],"predecessor-version":[{"id":23802,"href":"https:\/\/2horizontes.com\/index.php?rest_route=\/wp\/v2\/posts\/23800\/revisions\/23802"}],"wp:featuredmedia":[{"embeddable":true,"href":"https:\/\/2horizontes.com\/index.php?rest_route=\/wp\/v2\/media\/23801"}],"wp:attachment":[{"href":"https:\/\/2horizontes.com\/index.php?rest_route=%2Fwp%2Fv2%2Fmedia&parent=23800"}],"wp:term":[{"taxonomy":"category","embeddable":true,"href":"https:\/\/2horizontes.com\/index.php?rest_route=%2Fwp%2Fv2%2Fcategories&post=23800"},{"taxonomy":"post_tag","embeddable":true,"href":"https:\/\/2horizontes.com\/index.php?rest_route=%2Fwp%2Fv2%2Ftags&post=23800"}],"curies":[{"name":"wp","href":"https:\/\/api.w.org\/{rel}","templated":true}]}}