{"id":23797,"date":"2015-09-10T22:57:02","date_gmt":"2015-09-10T21:57:02","guid":{"rendered":"http:\/\/2horizontes.com\/?p=23797"},"modified":"2015-09-10T22:57:02","modified_gmt":"2015-09-10T21:57:02","slug":"caitlyn-jenner-dice-que-no-echa-de-menos-a-bruce","status":"publish","type":"post","link":"https:\/\/2horizontes.com\/?p=23797","title":{"rendered":"Caitlyn Jenner dice que no echa de menos a Bruce"},"content":{"rendered":"<p>Ha empezado la temporada n\u00famero 13 del Show de Ellen DeGeneres y lo ha hecho por todo lo grande entrevistando a Caitlyn Jenner en su primera entrevista televisada fuera de su programa \u201cI am Cait\u201d.<\/p>\n<p>Caitlyn Jenner ha intentado aclarar algunos temas sobre su transici\u00f3n, y por ejemplo dice que no echa de menos a Bruce. Algo que no es de extra\u00f1ar, porque sigue siendo la misma persona, con las mismas aficiones, pero que ahora se siente c\u00f3moda bajo su piel.<\/p>\n<p>Tambi\u00e9n cuenta c\u00f3mo durante la treintena se hormon\u00f3, pero que finalmente no fue capaz de dar el paso o que vivi\u00f3 largas temporadas recluida y deprimida, y que finalmente se decidi\u00f3 seguir adelante porque volv\u00eda a tender a la reclusi\u00f3n.<\/p>\n<p>Por otro lado tambi\u00e9n explica que su madre la comprendi\u00f3 y la apoy\u00f3 pese a sus 89 a\u00f1os, que sus nietos se lo han tomado de la forma m\u00e1s natural del mundo, o que, como republicana, le cost\u00f3 entender la necesidad del matrimonio gay, aunque ahora lo apoya completamente.<\/p>\n<p>Ellen DeGeneres le hace una entrevista sobria, con menos bromas de las que nos tiene acostumbrados, pero muy interesante para entender, no s\u00f3lo al personaje p\u00fablico, sino tambi\u00e9n a la mujer que ha sufrido durante a\u00f1os la presi\u00f3n de ser famosa sin atreverse a ser ella misma, pese a que ha confesado que muchas veces sal\u00eda a la<\/p>\n<p>calle travestido.<br \/>\nUna gran entrevista que consigue que tengamos ganas de conocer m\u00e1s a Caitlyn y sobre todo de ver su programa \u201cI am Cait\u201d.<\/p>\n","protected":false},"excerpt":{"rendered":"<p>Ha empezado la temporada n\u00famero 13 del Show de Ellen DeGeneres y lo ha hecho por todo lo grande entrevistando a Caitlyn Jenner en su primera entrevista televisada fuera de su programa \u201cI am Cait\u201d. Caitlyn Jenner ha intentado aclarar algunos temas sobre su transici\u00f3n, y por ejemplo dice que no echa de menos a [&hellip;]<\/p>\n","protected":false},"author":3,"featured_media":23798,"comment_status":"open","ping_status":"open","sticky":false,"template":"","format":"standard","meta":{"footnotes":""},"categories":[40,57],"tags":[],"class_list":["post-23797","post","type-post","status-publish","format-standard","has-post-thumbnail","hentry","category-internacionales","category-mundo-gay"],"_links":{"self":[{"href":"https:\/\/2horizontes.com\/index.php?rest_route=\/wp\/v2\/posts\/23797","targetHints":{"allow":["GET"]}}],"collection":[{"href":"https:\/\/2horizontes.com\/index.php?rest_route=\/wp\/v2\/posts"}],"about":[{"href":"https:\/\/2horizontes.com\/index.php?rest_route=\/wp\/v2\/types\/post"}],"author":[{"embeddable":true,"href":"https:\/\/2horizontes.com\/index.php?rest_route=\/wp\/v2\/users\/3"}],"replies":[{"embeddable":true,"href":"https:\/\/2horizontes.com\/index.php?rest_route=%2Fwp%2Fv2%2Fcomments&post=23797"}],"version-history":[{"count":1,"href":"https:\/\/2horizontes.com\/index.php?rest_route=\/wp\/v2\/posts\/23797\/revisions"}],"predecessor-version":[{"id":23799,"href":"https:\/\/2horizontes.com\/index.php?rest_route=\/wp\/v2\/posts\/23797\/revisions\/23799"}],"wp:featuredmedia":[{"embeddable":true,"href":"https:\/\/2horizontes.com\/index.php?rest_route=\/wp\/v2\/media\/23798"}],"wp:attachment":[{"href":"https:\/\/2horizontes.com\/index.php?rest_route=%2Fwp%2Fv2%2Fmedia&parent=23797"}],"wp:term":[{"taxonomy":"category","embeddable":true,"href":"https:\/\/2horizontes.com\/index.php?rest_route=%2Fwp%2Fv2%2Fcategories&post=23797"},{"taxonomy":"post_tag","embeddable":true,"href":"https:\/\/2horizontes.com\/index.php?rest_route=%2Fwp%2Fv2%2Ftags&post=23797"}],"curies":[{"name":"wp","href":"https:\/\/api.w.org\/{rel}","templated":true}]}}