{"id":23760,"date":"2015-09-10T16:42:38","date_gmt":"2015-09-10T15:42:38","guid":{"rendered":"http:\/\/2horizontes.com\/?p=23760"},"modified":"2015-09-10T16:42:38","modified_gmt":"2015-09-10T15:42:38","slug":"obama-recibira-a-papa-francisco-en-base-andrews-a-su-llegada-a-ee-uu","status":"publish","type":"post","link":"https:\/\/2horizontes.com\/?p=23760","title":{"rendered":"Obama recibir\u00e1 a Papa Francisco en base Andrews a su llegada a EE.UU."},"content":{"rendered":"<p>WASHINGTON.- El presidente Barack Obama y su esposa Michelle recibir\u00e1n al papa Francisco en la base a\u00e9rea de Andrews, estado de Maryland, cuando este arribe a Estados Unidos el 22 de septiembre, inform\u00f3 la Casa Blanca.<\/p>\n<p>Resulta inusual que el l\u00edder del Ejecutivo estadounidense reciba a un dignatario extranjero fuera de la mansi\u00f3n presidencial.<\/p>\n<p>No obstante, el portavoz adjunto de la Casa Blanca, Eric Schultz, record\u00f3 que existen precedentes, por ejemplo, cuando el entonces expresidente republicano George W. Bush (2001-2009) recibi\u00f3 tambi\u00e9n en Andrews al papa Benedicto XVI, en 2008.<\/p>\n<p>Tambi\u00e9n el a\u00f1o pasado, Obama se encontr\u00f3 con el presidente franc\u00e9s Fran\u00e7ois Hollande en dicha base, para despu\u00e9s volar de inmediato a Charlottesville, Virginia, para una visita.<\/p>\n<p>El Sumo Pont\u00edfice, el tercero que visitar\u00e1 la Casa Blanca, tiene planeado reunirse en privado con Obama el 23 de septiembre.<\/p>\n<p>Al d\u00eda siguiente pronunciar\u00e1 un discurso en el Capitolio, el primero de un Obispo de Roma ante el Congreso.<\/p>\n<p>Luego, Francisco se desplazar\u00e1 a Nueva York para oficiar una misa en el Madison Square Garden e intervenir ante la Asamblea General de las Naciones Unidas.<\/p>\n<p>El Papa culminar\u00e1 su primera visita oficial a Estados Unidos el 26 de septiembre, tras participar en la clausura del Encuentro Mundial de las Familias.<\/p>\n","protected":false},"excerpt":{"rendered":"<p>WASHINGTON.- El presidente Barack Obama y su esposa Michelle recibir\u00e1n al papa Francisco en la base a\u00e9rea de Andrews, estado de Maryland, cuando este arribe a Estados Unidos el 22 de septiembre, inform\u00f3 la Casa Blanca. Resulta inusual que el l\u00edder del Ejecutivo estadounidense reciba a un dignatario extranjero fuera de la mansi\u00f3n presidencial. No [&hellip;]<\/p>\n","protected":false},"author":8,"featured_media":23761,"comment_status":"open","ping_status":"open","sticky":false,"template":"","format":"standard","meta":{"footnotes":""},"categories":[40,43],"tags":[],"class_list":["post-23760","post","type-post","status-publish","format-standard","has-post-thumbnail","hentry","category-internacionales","category-politica"],"_links":{"self":[{"href":"https:\/\/2horizontes.com\/index.php?rest_route=\/wp\/v2\/posts\/23760","targetHints":{"allow":["GET"]}}],"collection":[{"href":"https:\/\/2horizontes.com\/index.php?rest_route=\/wp\/v2\/posts"}],"about":[{"href":"https:\/\/2horizontes.com\/index.php?rest_route=\/wp\/v2\/types\/post"}],"author":[{"embeddable":true,"href":"https:\/\/2horizontes.com\/index.php?rest_route=\/wp\/v2\/users\/8"}],"replies":[{"embeddable":true,"href":"https:\/\/2horizontes.com\/index.php?rest_route=%2Fwp%2Fv2%2Fcomments&post=23760"}],"version-history":[{"count":1,"href":"https:\/\/2horizontes.com\/index.php?rest_route=\/wp\/v2\/posts\/23760\/revisions"}],"predecessor-version":[{"id":23762,"href":"https:\/\/2horizontes.com\/index.php?rest_route=\/wp\/v2\/posts\/23760\/revisions\/23762"}],"wp:featuredmedia":[{"embeddable":true,"href":"https:\/\/2horizontes.com\/index.php?rest_route=\/wp\/v2\/media\/23761"}],"wp:attachment":[{"href":"https:\/\/2horizontes.com\/index.php?rest_route=%2Fwp%2Fv2%2Fmedia&parent=23760"}],"wp:term":[{"taxonomy":"category","embeddable":true,"href":"https:\/\/2horizontes.com\/index.php?rest_route=%2Fwp%2Fv2%2Fcategories&post=23760"},{"taxonomy":"post_tag","embeddable":true,"href":"https:\/\/2horizontes.com\/index.php?rest_route=%2Fwp%2Fv2%2Ftags&post=23760"}],"curies":[{"name":"wp","href":"https:\/\/api.w.org\/{rel}","templated":true}]}}