{"id":23757,"date":"2015-09-10T16:40:17","date_gmt":"2015-09-10T15:40:17","guid":{"rendered":"http:\/\/2horizontes.com\/?p=23757"},"modified":"2015-09-10T16:40:17","modified_gmt":"2015-09-10T15:40:17","slug":"rd-envia-medicamentos-a-la-isla-dominica","status":"publish","type":"post","link":"https:\/\/2horizontes.com\/?p=23757","title":{"rendered":"RD env\u00eda medicamentos a la isla Dominica"},"content":{"rendered":"<p>RD-SANTO DOMINGO.- Rep\u00fablica Dominicana se uni\u00f3 a una campa\u00f1a a favor de la vecina isla de Dominica, que se recupera de los recientes da\u00f1os provocados por la tormenta tropical \u201cErika\u201d a su paso por ese pa\u00eds, informaron hoy las autoridades.<\/p>\n<p>La Fuerza A\u00e9rea Dominicana (FARD) dijo que envi\u00f3 dos aviones CASA-212-400 con \u201cimportantes cargamentos de medicinas\u201d donadas por la Organizaci\u00f3n Panamericana de la Salud (OPS) a esa naci\u00f3n del Caribe oriental.<\/p>\n<p>A su paso por las Antillas hace dos semanas, \u201cErika\u201d, la quinta tormenta de la temporada anual de huracanes, caus\u00f3 inundaciones y deslizamientos que dejaron unos 31 muertos en Dominica, adem\u00e1s de decenas de desaparecidos y da\u00f1os materiales por 226 millones de d\u00f3lares.<\/p>\n<p>El fen\u00f3meno tambi\u00e9n caus\u00f3 cuatro muertos en Hait\u00ed, uno en Rep\u00fablica Dominicana, y miles de desplazados en estos dos pa\u00edses adem\u00e1s de Puerto Rico y otras peque\u00f1as islas caribe\u00f1as.<\/p>\n<p>El cargamento transportado por el Escuadr\u00f3n de Rescate de la FARD consiste en 4.227 kilos de medicamentos en las dos naves que partieron a Dominica a las 05:00 hora local (09:00 GMT) desde una base militar dominicana.<\/p>\n<p>Seg\u00fan un comunicado oficial, aunque la OPS mantiene su centro de operaciones en Santo Domingo, el producto fue tra\u00eddo primero de Hait\u00ed, donde la organizaci\u00f3n tiene un almac\u00e9n para acopio de medicamentos.<\/p>\n<p>El comandante general de la FARD, mayor general Elvis F\u00e9lix P\u00e9rez, dijo que el organismo ya hab\u00eda solicitado al gobierno dominicano su ayuda para la operaci\u00f3n.<\/p>\n<p>Explic\u00f3 que tan pronto recibi\u00f3 las instrucciones de la Presidencia, orden\u00f3 el uso de los aviones para la misi\u00f3n de auxilio humanitario.<\/p>\n<p>La temporada de huracanes se inici\u00f3 oficialmente el 1 de junio y culmina el 30 de noviembre.<\/p>\n","protected":false},"excerpt":{"rendered":"<p>RD-SANTO DOMINGO.- Rep\u00fablica Dominicana se uni\u00f3 a una campa\u00f1a a favor de la vecina isla de Dominica, que se recupera de los recientes da\u00f1os provocados por la tormenta tropical \u201cErika\u201d a su paso por ese pa\u00eds, informaron hoy las autoridades. La Fuerza A\u00e9rea Dominicana (FARD) dijo que envi\u00f3 dos aviones CASA-212-400 con \u201cimportantes cargamentos de [&hellip;]<\/p>\n","protected":false},"author":8,"featured_media":23758,"comment_status":"open","ping_status":"open","sticky":false,"template":"","format":"standard","meta":{"footnotes":""},"categories":[44,45],"tags":[],"class_list":["post-23757","post","type-post","status-publish","format-standard","has-post-thumbnail","hentry","category-republica-dominicana","category-salud"],"_links":{"self":[{"href":"https:\/\/2horizontes.com\/index.php?rest_route=\/wp\/v2\/posts\/23757","targetHints":{"allow":["GET"]}}],"collection":[{"href":"https:\/\/2horizontes.com\/index.php?rest_route=\/wp\/v2\/posts"}],"about":[{"href":"https:\/\/2horizontes.com\/index.php?rest_route=\/wp\/v2\/types\/post"}],"author":[{"embeddable":true,"href":"https:\/\/2horizontes.com\/index.php?rest_route=\/wp\/v2\/users\/8"}],"replies":[{"embeddable":true,"href":"https:\/\/2horizontes.com\/index.php?rest_route=%2Fwp%2Fv2%2Fcomments&post=23757"}],"version-history":[{"count":1,"href":"https:\/\/2horizontes.com\/index.php?rest_route=\/wp\/v2\/posts\/23757\/revisions"}],"predecessor-version":[{"id":23759,"href":"https:\/\/2horizontes.com\/index.php?rest_route=\/wp\/v2\/posts\/23757\/revisions\/23759"}],"wp:featuredmedia":[{"embeddable":true,"href":"https:\/\/2horizontes.com\/index.php?rest_route=\/wp\/v2\/media\/23758"}],"wp:attachment":[{"href":"https:\/\/2horizontes.com\/index.php?rest_route=%2Fwp%2Fv2%2Fmedia&parent=23757"}],"wp:term":[{"taxonomy":"category","embeddable":true,"href":"https:\/\/2horizontes.com\/index.php?rest_route=%2Fwp%2Fv2%2Fcategories&post=23757"},{"taxonomy":"post_tag","embeddable":true,"href":"https:\/\/2horizontes.com\/index.php?rest_route=%2Fwp%2Fv2%2Ftags&post=23757"}],"curies":[{"name":"wp","href":"https:\/\/api.w.org\/{rel}","templated":true}]}}