{"id":23738,"date":"2015-09-10T16:16:20","date_gmt":"2015-09-10T15:16:20","guid":{"rendered":"http:\/\/2horizontes.com\/?p=23738"},"modified":"2015-09-10T16:16:20","modified_gmt":"2015-09-10T15:16:20","slug":"hipolito-dice-acuerdo-vargas-danilo-llevara-prd-a-zafacon-de-la-historia","status":"publish","type":"post","link":"https:\/\/2horizontes.com\/?p=23738","title":{"rendered":"Hipolito Dice acuerdo Vargas-Danilo llevar\u00e1 PRD a zafac\u00f3n de la historia"},"content":{"rendered":"<p>RD-SANTO DOMINGO.- El pacto entre el mandatario Danilo Medina y el presidente del Partido Revolucionario Dominicano (PRD), Miguel Vargas, llevar\u00e1 a esta organizaci\u00f3n \u201cal zafac\u00f3n de la historia\u201d, advirti\u00f3 el ex presidente Hip\u00f3lito Mej\u00eda.<\/p>\n<p>\u201cEsa es la mejor respuesta para explicar lo que suceder\u00e1 con el PRD despu\u00e9s de esa alianza\u201d, expres\u00f3.<\/p>\n<p>De su lado, el candidato presidencial del Partido Revolucionario Moderno, Luis Abinader, calific\u00f3 el referido pacto como \u201cuna renovaci\u00f3n de un acuerdo antiguo, que comenz\u00f3 con el respaldo de Miguel Vargas a la candidatura de Danilo Medina en 2012\u2033.<\/p>\n<p>Dijo que Vargas aportar\u00e1 a Medina los mismos votos del PRD que no aparecieron en las elecciones de 2012.<\/p>\n<p>Mej\u00eda y Abinader presentaron ante la prensa a productores agropecuarios que supuestamente fueron contactados \u00a0por el presidente Medina en una de sus visitas sorpresa y pero este \u00faltimo no les cumpli\u00f3 lo que les prometi\u00f3.<\/p>\n<p>Abinader dijo que el PRM est\u00e1 preparando un informe sobre las \u201cpromesas incumplidas\u201d de Medina.<\/p>\n","protected":false},"excerpt":{"rendered":"<p>RD-SANTO DOMINGO.- El pacto entre el mandatario Danilo Medina y el presidente del Partido Revolucionario Dominicano (PRD), Miguel Vargas, llevar\u00e1 a esta organizaci\u00f3n \u201cal zafac\u00f3n de la historia\u201d, advirti\u00f3 el ex presidente Hip\u00f3lito Mej\u00eda. \u201cEsa es la mejor respuesta para explicar lo que suceder\u00e1 con el PRD despu\u00e9s de esa alianza\u201d, expres\u00f3. De su lado, [&hellip;]<\/p>\n","protected":false},"author":8,"featured_media":23739,"comment_status":"open","ping_status":"open","sticky":false,"template":"","format":"standard","meta":{"footnotes":""},"categories":[43,44],"tags":[],"class_list":["post-23738","post","type-post","status-publish","format-standard","has-post-thumbnail","hentry","category-politica","category-republica-dominicana"],"_links":{"self":[{"href":"https:\/\/2horizontes.com\/index.php?rest_route=\/wp\/v2\/posts\/23738","targetHints":{"allow":["GET"]}}],"collection":[{"href":"https:\/\/2horizontes.com\/index.php?rest_route=\/wp\/v2\/posts"}],"about":[{"href":"https:\/\/2horizontes.com\/index.php?rest_route=\/wp\/v2\/types\/post"}],"author":[{"embeddable":true,"href":"https:\/\/2horizontes.com\/index.php?rest_route=\/wp\/v2\/users\/8"}],"replies":[{"embeddable":true,"href":"https:\/\/2horizontes.com\/index.php?rest_route=%2Fwp%2Fv2%2Fcomments&post=23738"}],"version-history":[{"count":1,"href":"https:\/\/2horizontes.com\/index.php?rest_route=\/wp\/v2\/posts\/23738\/revisions"}],"predecessor-version":[{"id":23740,"href":"https:\/\/2horizontes.com\/index.php?rest_route=\/wp\/v2\/posts\/23738\/revisions\/23740"}],"wp:featuredmedia":[{"embeddable":true,"href":"https:\/\/2horizontes.com\/index.php?rest_route=\/wp\/v2\/media\/23739"}],"wp:attachment":[{"href":"https:\/\/2horizontes.com\/index.php?rest_route=%2Fwp%2Fv2%2Fmedia&parent=23738"}],"wp:term":[{"taxonomy":"category","embeddable":true,"href":"https:\/\/2horizontes.com\/index.php?rest_route=%2Fwp%2Fv2%2Fcategories&post=23738"},{"taxonomy":"post_tag","embeddable":true,"href":"https:\/\/2horizontes.com\/index.php?rest_route=%2Fwp%2Fv2%2Ftags&post=23738"}],"curies":[{"name":"wp","href":"https:\/\/api.w.org\/{rel}","templated":true}]}}