{"id":23735,"date":"2015-09-10T16:12:05","date_gmt":"2015-09-10T15:12:05","guid":{"rendered":"http:\/\/2horizontes.com\/?p=23735"},"modified":"2015-09-10T16:12:05","modified_gmt":"2015-09-10T15:12:05","slug":"comienzan-protestas-en-sector-salud-rd","status":"publish","type":"post","link":"https:\/\/2horizontes.com\/?p=23735","title":{"rendered":"Comienzan protestas en sector Salud RD"},"content":{"rendered":"<p>RD- SANTO DOMINGO- (PL) La Coordinadora Nacional de la Salud\u00a0 inicia hoy un movimiento de protestas en hospitales de esta capital que se extender\u00e1 a otras provincias del pa\u00eds.<\/p>\n<p>En esas acciones demanda que en el presupuesto del pr\u00f3ximo a\u00f1o, el Gobierno destine el cinco por ciento del Producto Interno Bruto (PIB) al sector.<\/p>\n<p>Las protestas consistir\u00e1n en paros de dos horas en los centros de salud a partir de las 09:00 hora local, explic\u00f3 a la prensa Antonia Rodr\u00edguez, presidenta de la Asociaci\u00f3n Dominicana de Enfermeras Graduadas.<\/p>\n<p>Si no recibimos respuesta a nuestras demandas, estudiamos realizar acciones de protesta m\u00e1s contundentes para que las autoridades entiendan las precariedades que atraviesa el sector, dijo.<\/p>\n<p>En tanto la Asociaci\u00f3n Nacional de Enfermer\u00eda (Asonaen), tambi\u00e9n\u00a0 pide al gobierno aumentar al cinco por ciento del PIB el presupuesto dedicado a la salud, \u201cporque solo as\u00ed el Sistema Nacional de Salud y Seguridad Social podr\u00e1n recuperarse\u201d.<\/p>\n<p>La membres\u00eda de Asonaen se propone adem\u00e1s iniciar una vigilia cada mi\u00e9rcoles hasta que el Gobierno escuche sus reclamos, dijo su presidenta, Francisca Peguero.<\/p>\n<p>El reclamo de Asonaen es: mejora hospitalaria, aumento salarial, nombramiento de m\u00e1s de cinco mil enfermeras, incluyendo las gerentes, y seguro m\u00e9dico, entre otras demandas.<\/p>\n<p>Peguero explic\u00f3 que llevan m\u00e1s de 10 a\u00f1os sin que se les aplique un aumento salarial, situaci\u00f3n que les imposibilita sobrevivir con tantas limitaciones e inequidad.<\/p>\n<p>Sostuvo que el personal de enfermer\u00eda de Rep\u00fablica Dominicana es el peor pagado de la regi\u00f3n y tampoco se puede justificar que una enfermera despu\u00e9s de permanecer hasta 40 a\u00f1os en servicio sea pensionada con cinco mil pesos (111 d\u00f3lares), muchas de ellas con enfermedades catastr\u00f3ficas producto de su desempe\u00f1o, enfatiz\u00f3.<\/p>\n","protected":false},"excerpt":{"rendered":"<p>RD- SANTO DOMINGO- (PL) La Coordinadora Nacional de la Salud\u00a0 inicia hoy un movimiento de protestas en hospitales de esta capital que se extender\u00e1 a otras provincias del pa\u00eds. En esas acciones demanda que en el presupuesto del pr\u00f3ximo a\u00f1o, el Gobierno destine el cinco por ciento del Producto Interno Bruto (PIB) al sector. Las [&hellip;]<\/p>\n","protected":false},"author":8,"featured_media":23736,"comment_status":"open","ping_status":"open","sticky":false,"template":"","format":"standard","meta":{"footnotes":""},"categories":[63,44,45],"tags":[],"class_list":["post-23735","post","type-post","status-publish","format-standard","has-post-thumbnail","hentry","category-economia","category-republica-dominicana","category-salud"],"_links":{"self":[{"href":"https:\/\/2horizontes.com\/index.php?rest_route=\/wp\/v2\/posts\/23735","targetHints":{"allow":["GET"]}}],"collection":[{"href":"https:\/\/2horizontes.com\/index.php?rest_route=\/wp\/v2\/posts"}],"about":[{"href":"https:\/\/2horizontes.com\/index.php?rest_route=\/wp\/v2\/types\/post"}],"author":[{"embeddable":true,"href":"https:\/\/2horizontes.com\/index.php?rest_route=\/wp\/v2\/users\/8"}],"replies":[{"embeddable":true,"href":"https:\/\/2horizontes.com\/index.php?rest_route=%2Fwp%2Fv2%2Fcomments&post=23735"}],"version-history":[{"count":1,"href":"https:\/\/2horizontes.com\/index.php?rest_route=\/wp\/v2\/posts\/23735\/revisions"}],"predecessor-version":[{"id":23737,"href":"https:\/\/2horizontes.com\/index.php?rest_route=\/wp\/v2\/posts\/23735\/revisions\/23737"}],"wp:featuredmedia":[{"embeddable":true,"href":"https:\/\/2horizontes.com\/index.php?rest_route=\/wp\/v2\/media\/23736"}],"wp:attachment":[{"href":"https:\/\/2horizontes.com\/index.php?rest_route=%2Fwp%2Fv2%2Fmedia&parent=23735"}],"wp:term":[{"taxonomy":"category","embeddable":true,"href":"https:\/\/2horizontes.com\/index.php?rest_route=%2Fwp%2Fv2%2Fcategories&post=23735"},{"taxonomy":"post_tag","embeddable":true,"href":"https:\/\/2horizontes.com\/index.php?rest_route=%2Fwp%2Fv2%2Ftags&post=23735"}],"curies":[{"name":"wp","href":"https:\/\/api.w.org\/{rel}","templated":true}]}}