{"id":23717,"date":"2015-09-10T15:47:34","date_gmt":"2015-09-10T14:47:34","guid":{"rendered":"http:\/\/2horizontes.com\/?p=23717"},"modified":"2015-09-10T15:47:34","modified_gmt":"2015-09-10T14:47:34","slug":"temblor-4-1-grados-remueve-a-samana-rd","status":"publish","type":"post","link":"https:\/\/2horizontes.com\/?p=23717","title":{"rendered":"Temblor 4.1 grados remueve a Saman\u00e1 RD"},"content":{"rendered":"<p>RD- SAMANA.- Un temblor de 4.1 grados en la escala de Richter removi\u00f3 la madrugada de este jueves a la provincia\u00a0Saman\u00e1\u00a0y otras aleda\u00f1as, aunque hasta el momento no hay reportes de v\u00edctimas ni da\u00f1os materiales.<\/p>\n<p>El sismo, que se registr\u00f3 a la 1:31 de la ma\u00f1ana, caus\u00f3 p\u00e1nico entre los samanenses, muchos de los cuales salieron de sus viviendas por temor a derrumbes.<\/p>\n<p>El movimiento tuvo su epicentro a 9 kil\u00f3metros al Oeste de Saman\u00e1, a 17 kil\u00f3metros de Sabana de La Mar, 19 kil\u00f3metros de S\u00e1nchez, 48 kil\u00f3metros de Nagua y 98 kil\u00f3metros de Santo Domingo, seg\u00fan el Instituto de Sismolog\u00eda de la Universidad Aut\u00f3noma de Santo Domingo (UASD).<\/p>\n<p>Dijo que el sismo se origin\u00f3 a una profundidad de 57 kil\u00f3metros.<\/p>\n","protected":false},"excerpt":{"rendered":"<p>RD- SAMANA.- Un temblor de 4.1 grados en la escala de Richter removi\u00f3 la madrugada de este jueves a la provincia\u00a0Saman\u00e1\u00a0y otras aleda\u00f1as, aunque hasta el momento no hay reportes de v\u00edctimas ni da\u00f1os materiales. El sismo, que se registr\u00f3 a la 1:31 de la ma\u00f1ana, caus\u00f3 p\u00e1nico entre los samanenses, muchos de los cuales [&hellip;]<\/p>\n","protected":false},"author":8,"featured_media":23719,"comment_status":"open","ping_status":"open","sticky":false,"template":"","format":"standard","meta":{"footnotes":""},"categories":[53,44],"tags":[],"class_list":["post-23717","post","type-post","status-publish","format-standard","has-post-thumbnail","hentry","category-provincias","category-republica-dominicana"],"_links":{"self":[{"href":"https:\/\/2horizontes.com\/index.php?rest_route=\/wp\/v2\/posts\/23717","targetHints":{"allow":["GET"]}}],"collection":[{"href":"https:\/\/2horizontes.com\/index.php?rest_route=\/wp\/v2\/posts"}],"about":[{"href":"https:\/\/2horizontes.com\/index.php?rest_route=\/wp\/v2\/types\/post"}],"author":[{"embeddable":true,"href":"https:\/\/2horizontes.com\/index.php?rest_route=\/wp\/v2\/users\/8"}],"replies":[{"embeddable":true,"href":"https:\/\/2horizontes.com\/index.php?rest_route=%2Fwp%2Fv2%2Fcomments&post=23717"}],"version-history":[{"count":1,"href":"https:\/\/2horizontes.com\/index.php?rest_route=\/wp\/v2\/posts\/23717\/revisions"}],"predecessor-version":[{"id":23720,"href":"https:\/\/2horizontes.com\/index.php?rest_route=\/wp\/v2\/posts\/23717\/revisions\/23720"}],"wp:featuredmedia":[{"embeddable":true,"href":"https:\/\/2horizontes.com\/index.php?rest_route=\/wp\/v2\/media\/23719"}],"wp:attachment":[{"href":"https:\/\/2horizontes.com\/index.php?rest_route=%2Fwp%2Fv2%2Fmedia&parent=23717"}],"wp:term":[{"taxonomy":"category","embeddable":true,"href":"https:\/\/2horizontes.com\/index.php?rest_route=%2Fwp%2Fv2%2Fcategories&post=23717"},{"taxonomy":"post_tag","embeddable":true,"href":"https:\/\/2horizontes.com\/index.php?rest_route=%2Fwp%2Fv2%2Ftags&post=23717"}],"curies":[{"name":"wp","href":"https:\/\/api.w.org\/{rel}","templated":true}]}}