{"id":23714,"date":"2015-09-10T15:39:55","date_gmt":"2015-09-10T14:39:55","guid":{"rendered":"http:\/\/2horizontes.com\/?p=23714"},"modified":"2015-09-10T15:39:55","modified_gmt":"2015-09-10T14:39:55","slug":"roban-vehiculo-a-cunado-de-amarante-baret-uno-de-los-asaltantes-resulta-herido","status":"publish","type":"post","link":"https:\/\/2horizontes.com\/?p=23714","title":{"rendered":"Roban veh\u00edculo a cu\u00f1ado de Amarante Baret, uno de los asaltantes resulta herido"},"content":{"rendered":"<p>RD-SANTO DOMINGO-Cuatro hombres armados asaltaron anoche a un cu\u00f1ado del ministro de Educaci\u00f3n, Carlos Amarante Baret y lo despojaron de su veh\u00edculo cuando\u00a0 llegaba a su casa, luego finalizar el torneo superior de baloncesto de la provincia Espaillat.<\/p>\n<p>Miguel Garc\u00eda llegaba a su residencia, en la avenida Antonio Guzm\u00e1n, cuando lo interceptaron los asaltantes que hu\u00edan de una persecuci\u00f3n policial desde el municipio de Salcedo, donde habr\u00edan cometido un atraco.<\/p>\n<p>As\u00ed lo inform\u00f3 el fiscal de Espaillat, Jos\u00e9 An\u00edbal Carela, quien dijo que la polic\u00eda enfrent\u00f3 a los supuestos asaltantes a la salida de esa avenida y uno de estos result\u00f3 herido.<\/p>\n<p>Dijo que no se trat\u00f3 de un secuestro, sino que al parecer a los delincuentes solo les interesaba robarle el veh\u00edculo para seguir huyendo de la persecuci\u00f3n policial.<\/p>\n<p><strong>\u00a0Versi\u00f3n de B\u00e1ez Aybar\u00a0<\/strong><\/p>\n<p>De su lado el vocero de la Polic\u00eda, general M\u00e1ximo B\u00e1ez Aybar, confirm\u00f3 a List\u00edn Diario que el hecho se trat\u00f3 del robo de un veh\u00edculo y no de un secuestro.<\/p>\n<p>El herido es \u00c1ngel Pascual Garc\u00eda V\u00e1squez \u201cAlex Pechuga\u201d y seg\u00fan B\u00e1ez Aybar tiene cinco fichas, varias por homicidios.<\/p>\n<p>Dijo que los asaltantes lograron llevarse la camioneta de Garc\u00eda y dejaron la camioneta en la que ellos se desplazaban en la que ten\u00edan una pistola, dos escopetas, cinco celulares,\u00a0 coca\u00edna y 22 botellitas de muestra de wiski.<\/p>\n<p>Explic\u00f3 que est\u00e1n depurando el veh\u00edculo ocupado y han reforzado el personal de investigaciones de Santiago para dar con los pr\u00f3fugos.<\/p>\n<p>\u201cNo tenemos nada que pareciera secuestro en el proceso de investigaci\u00f3n. Nosotros lo que tenemos en el caso de Moca es el robo de un veh\u00edculo, no tenemos nada de secuestro\u201d explic\u00f3 el oficial al destacar que el nombrado Alex Pechuga est\u00e1 herido y detenido, mientras hay tres pr\u00f3fugos.<\/p>\n","protected":false},"excerpt":{"rendered":"<p>RD-SANTO DOMINGO-Cuatro hombres armados asaltaron anoche a un cu\u00f1ado del ministro de Educaci\u00f3n, Carlos Amarante Baret y lo despojaron de su veh\u00edculo cuando\u00a0 llegaba a su casa, luego finalizar el torneo superior de baloncesto de la provincia Espaillat. Miguel Garc\u00eda llegaba a su residencia, en la avenida Antonio Guzm\u00e1n, cuando lo interceptaron los asaltantes que [&hellip;]<\/p>\n","protected":false},"author":8,"featured_media":23715,"comment_status":"open","ping_status":"open","sticky":false,"template":"","format":"standard","meta":{"footnotes":""},"categories":[44],"tags":[],"class_list":["post-23714","post","type-post","status-publish","format-standard","has-post-thumbnail","hentry","category-republica-dominicana"],"_links":{"self":[{"href":"https:\/\/2horizontes.com\/index.php?rest_route=\/wp\/v2\/posts\/23714","targetHints":{"allow":["GET"]}}],"collection":[{"href":"https:\/\/2horizontes.com\/index.php?rest_route=\/wp\/v2\/posts"}],"about":[{"href":"https:\/\/2horizontes.com\/index.php?rest_route=\/wp\/v2\/types\/post"}],"author":[{"embeddable":true,"href":"https:\/\/2horizontes.com\/index.php?rest_route=\/wp\/v2\/users\/8"}],"replies":[{"embeddable":true,"href":"https:\/\/2horizontes.com\/index.php?rest_route=%2Fwp%2Fv2%2Fcomments&post=23714"}],"version-history":[{"count":1,"href":"https:\/\/2horizontes.com\/index.php?rest_route=\/wp\/v2\/posts\/23714\/revisions"}],"predecessor-version":[{"id":23716,"href":"https:\/\/2horizontes.com\/index.php?rest_route=\/wp\/v2\/posts\/23714\/revisions\/23716"}],"wp:featuredmedia":[{"embeddable":true,"href":"https:\/\/2horizontes.com\/index.php?rest_route=\/wp\/v2\/media\/23715"}],"wp:attachment":[{"href":"https:\/\/2horizontes.com\/index.php?rest_route=%2Fwp%2Fv2%2Fmedia&parent=23714"}],"wp:term":[{"taxonomy":"category","embeddable":true,"href":"https:\/\/2horizontes.com\/index.php?rest_route=%2Fwp%2Fv2%2Fcategories&post=23714"},{"taxonomy":"post_tag","embeddable":true,"href":"https:\/\/2horizontes.com\/index.php?rest_route=%2Fwp%2Fv2%2Ftags&post=23714"}],"curies":[{"name":"wp","href":"https:\/\/api.w.org\/{rel}","templated":true}]}}