{"id":23711,"date":"2015-09-10T14:48:55","date_gmt":"2015-09-10T13:48:55","guid":{"rendered":"http:\/\/2horizontes.com\/?p=23711"},"modified":"2015-09-10T14:48:55","modified_gmt":"2015-09-10T13:48:55","slug":"panama-a-millon-por-la-serie-hipica-del-caribe-2015","status":"publish","type":"post","link":"https:\/\/2horizontes.com\/?p=23711","title":{"rendered":"Panam\u00e1 a mill\u00f3n por la Serie H\u00edpica del Caribe 2015"},"content":{"rendered":"<p>CARACAS.- Las autoridades del hip\u00f3dromo Presidente Rem\u00f3n, situado en Ciudad de Panam\u00e1, agiliza todos los detalles para montar la Serie H\u00edpica del Caribe 2015 que se disputar\u00e1 el 12 y 13 de diciembre.<\/p>\n<p>El entrenador Rafael \u00abRafi\u00bb Fern\u00e1ndez, quien va cuarto en la estad\u00edstica con 44 victorias, fue nombrado presidente del comit\u00e9 organizador del evento. Entretanto, se espera que en las pr\u00f3ximas horas se anuncie el resto de las personalidades que lo ayudar\u00e1n en la organizazi\u00f3n.<\/p>\n<p>La informaci\u00f3n fue suministrada por Jos\u00e9 Zaj\u00eda, Secretario de la Confederaci\u00f3n H\u00edpica del Caribe. Fern\u00e1ndez ha sido representante de la delegaci\u00f3n paname\u00f1a en los cl\u00e1sicos caribe\u00f1os que se han realizado en otros pa\u00edses.<\/p>\n<p>Se espera que lo acompa\u00f1en en el comit\u00e9: Miguel de la Marta, de la empresa Codere; Roberto L\u00f3pez, el entrenador Alberto Paz Rodriguez y Carlos Salazar.<\/p>\n<p>Venezuela estar\u00e1 en la Serie H\u00edpica del Caribe. El caballo Quick Mani acumula 13 puntos para ver acci\u00f3n en el Cl\u00e1sico Caribe, mientras que Jorge Zeta cuenta con 14 tantos para la Copa Confraternidad del Caribe.<\/p>\n<p>As\u00ed marcha el puntaje de Venezuela para la Serie H\u00edpica del Caribe 2015. Fuente Asoprorin:<\/p>\n","protected":false},"excerpt":{"rendered":"<p>CARACAS.- Las autoridades del hip\u00f3dromo Presidente Rem\u00f3n, situado en Ciudad de Panam\u00e1, agiliza todos los detalles para montar la Serie H\u00edpica del Caribe 2015 que se disputar\u00e1 el 12 y 13 de diciembre. El entrenador Rafael \u00abRafi\u00bb Fern\u00e1ndez, quien va cuarto en la estad\u00edstica con 44 victorias, fue nombrado presidente del comit\u00e9 organizador del evento. [&hellip;]<\/p>\n","protected":false},"author":3,"featured_media":23712,"comment_status":"open","ping_status":"open","sticky":false,"template":"","format":"standard","meta":{"footnotes":""},"categories":[42,40],"tags":[],"class_list":["post-23711","post","type-post","status-publish","format-standard","has-post-thumbnail","hentry","category-deportes","category-internacionales"],"_links":{"self":[{"href":"https:\/\/2horizontes.com\/index.php?rest_route=\/wp\/v2\/posts\/23711","targetHints":{"allow":["GET"]}}],"collection":[{"href":"https:\/\/2horizontes.com\/index.php?rest_route=\/wp\/v2\/posts"}],"about":[{"href":"https:\/\/2horizontes.com\/index.php?rest_route=\/wp\/v2\/types\/post"}],"author":[{"embeddable":true,"href":"https:\/\/2horizontes.com\/index.php?rest_route=\/wp\/v2\/users\/3"}],"replies":[{"embeddable":true,"href":"https:\/\/2horizontes.com\/index.php?rest_route=%2Fwp%2Fv2%2Fcomments&post=23711"}],"version-history":[{"count":1,"href":"https:\/\/2horizontes.com\/index.php?rest_route=\/wp\/v2\/posts\/23711\/revisions"}],"predecessor-version":[{"id":23713,"href":"https:\/\/2horizontes.com\/index.php?rest_route=\/wp\/v2\/posts\/23711\/revisions\/23713"}],"wp:featuredmedia":[{"embeddable":true,"href":"https:\/\/2horizontes.com\/index.php?rest_route=\/wp\/v2\/media\/23712"}],"wp:attachment":[{"href":"https:\/\/2horizontes.com\/index.php?rest_route=%2Fwp%2Fv2%2Fmedia&parent=23711"}],"wp:term":[{"taxonomy":"category","embeddable":true,"href":"https:\/\/2horizontes.com\/index.php?rest_route=%2Fwp%2Fv2%2Fcategories&post=23711"},{"taxonomy":"post_tag","embeddable":true,"href":"https:\/\/2horizontes.com\/index.php?rest_route=%2Fwp%2Fv2%2Ftags&post=23711"}],"curies":[{"name":"wp","href":"https:\/\/api.w.org\/{rel}","templated":true}]}}