{"id":23667,"date":"2015-09-10T08:33:42","date_gmt":"2015-09-10T07:33:42","guid":{"rendered":"http:\/\/2horizontes.com\/?p=23667"},"modified":"2015-09-10T09:25:28","modified_gmt":"2015-09-10T08:25:28","slug":"un-tuit-es-la-pista-para-la-busqueda-de-chapo-guzman-en-centroamerica","status":"publish","type":"post","link":"https:\/\/2horizontes.com\/?p=23667","title":{"rendered":"Un tuit es la pista para la b\u00fasqueda de \u201cChapo\u201d Guzm\u00e1n en Centroam\u00e9rica"},"content":{"rendered":"<div id=\"ArticleAuthorDiv\" class=\"article-body-author\"><b>AFP<\/b><\/div>\n<div id=\"ArticleSourceDiv\" class=\"article-body-author\"><b>M\u00e9xico<\/b><\/div>\n<div id=\"ArticleBody\">\n<p>Autoridades mexicanas investigan un mensaje publicado en una supuesta cuenta de Twitter del hijo del capo Joaqu\u00edn \u201cChapo\u201d Guzm\u00e1n, fugado en julio pasado de un penal de m\u00e1xima seguridad, en el que el joven difundi\u00f3 una foto en la que estar\u00eda al lado de su padre en Costa Rica.<\/p>\n<p>La Procuradur\u00eda General de la Rep\u00fablica y la divisi\u00f3n cient\u00edfica de la Polic\u00eda Federal investigan la autenticidad del tuit difundido el 31 de agosto pasado en la cuenta @AlfreditoGuzman, dijo a la AFP un portavoz de la fiscal\u00eda.<\/p>\n<p>\u201cAgustooo aqui ya saben con quien apatoroo\u201d, dice el mensaje difundido con una foto, en la que aparece el supuesto hijo del capo con otros dos hombres comiendo al aire libre alrededor de una mesa.<\/p>\n<p>El rostro de un hombre con bigote y que se parece al l\u00edder del cartel de Sinaloa se alcanza a ver solo por la mitad.<\/p>\n<p>Un par de pegotes, con los que el autor edit\u00f3 el mensaje, ocultan parte del rostro del que ser\u00eda el \u201cChapo\u201d Guzm\u00e1n, quien se fug\u00f3 el 11 de julio pasado de un penal de m\u00e1xima seguridad cercano a la Ciudad de M\u00e9xico.<\/p>\n<p>La etiqueta geogr\u00e1fica del mensaje est\u00e1 situada en Costa Rica.<\/p>\n<p>Joaqu\u00edn Guzm\u00e1n Loera, quien antes de su aprehensi\u00f3n en febrero de 2014 era considerado el narcotraficante m\u00e1s poderoso del mundo, se escap\u00f3 por segunda vez de un penal de m\u00e1xima seguridad escabull\u00e9ndose por un agujero en la ducha de su celda que conduc\u00eda a un t\u00fanel de 1,5 km hacia el exterior.<\/p>\n<p>La fuga de Guzm\u00e1n, de 58 a\u00f1os, fue un duro golpe para el gobierno mexicano, que ahora ofrece 3,8 millones de d\u00f3lares por su recaptura.<\/p>\n<\/div>\n<div><\/div>\n<p>&nbsp;<\/p>\n","protected":false},"excerpt":{"rendered":"<p>AFP M\u00e9xico Autoridades mexicanas investigan un mensaje publicado en una supuesta cuenta de Twitter del hijo del capo Joaqu\u00edn \u201cChapo\u201d Guzm\u00e1n, fugado en julio pasado de un penal de m\u00e1xima seguridad, en el que el joven difundi\u00f3 una foto en la que estar\u00eda al lado de su padre en Costa Rica. La Procuradur\u00eda General de [&hellip;]<\/p>\n","protected":false},"author":7,"featured_media":23668,"comment_status":"open","ping_status":"open","sticky":false,"template":"","format":"standard","meta":{"footnotes":""},"categories":[40],"tags":[],"class_list":["post-23667","post","type-post","status-publish","format-standard","has-post-thumbnail","hentry","category-internacionales"],"_links":{"self":[{"href":"https:\/\/2horizontes.com\/index.php?rest_route=\/wp\/v2\/posts\/23667","targetHints":{"allow":["GET"]}}],"collection":[{"href":"https:\/\/2horizontes.com\/index.php?rest_route=\/wp\/v2\/posts"}],"about":[{"href":"https:\/\/2horizontes.com\/index.php?rest_route=\/wp\/v2\/types\/post"}],"author":[{"embeddable":true,"href":"https:\/\/2horizontes.com\/index.php?rest_route=\/wp\/v2\/users\/7"}],"replies":[{"embeddable":true,"href":"https:\/\/2horizontes.com\/index.php?rest_route=%2Fwp%2Fv2%2Fcomments&post=23667"}],"version-history":[{"count":1,"href":"https:\/\/2horizontes.com\/index.php?rest_route=\/wp\/v2\/posts\/23667\/revisions"}],"predecessor-version":[{"id":23669,"href":"https:\/\/2horizontes.com\/index.php?rest_route=\/wp\/v2\/posts\/23667\/revisions\/23669"}],"wp:featuredmedia":[{"embeddable":true,"href":"https:\/\/2horizontes.com\/index.php?rest_route=\/wp\/v2\/media\/23668"}],"wp:attachment":[{"href":"https:\/\/2horizontes.com\/index.php?rest_route=%2Fwp%2Fv2%2Fmedia&parent=23667"}],"wp:term":[{"taxonomy":"category","embeddable":true,"href":"https:\/\/2horizontes.com\/index.php?rest_route=%2Fwp%2Fv2%2Fcategories&post=23667"},{"taxonomy":"post_tag","embeddable":true,"href":"https:\/\/2horizontes.com\/index.php?rest_route=%2Fwp%2Fv2%2Ftags&post=23667"}],"curies":[{"name":"wp","href":"https:\/\/api.w.org\/{rel}","templated":true}]}}