{"id":23661,"date":"2015-09-10T08:25:10","date_gmt":"2015-09-10T07:25:10","guid":{"rendered":"http:\/\/2horizontes.com\/?p=23661"},"modified":"2015-09-10T08:25:37","modified_gmt":"2015-09-10T07:25:37","slug":"el-41-de-los-deportados-de-ee-uu-carecia-de-historial-criminal","status":"publish","type":"post","link":"https:\/\/2horizontes.com\/?p=23661","title":{"rendered":"El 41 % de los deportados de EE.UU carec\u00eda de historial criminal"},"content":{"rendered":"<div id=\"ArticleAuthorDiv\" class=\"article-body-author\"><b>EFE<\/b><\/div>\n<div id=\"ArticleSourceDiv\" class=\"article-body-author\"><b>Miami, EEUU<\/b><\/div>\n<div id=\"ArticleBody\">\n<p>Cerca de un 41 por ciento de los indocumentados deportados durante los primeros 11 meses del presente a\u00f1o fiscal carec\u00eda de antecedentes criminales, seg\u00fan cifras del Servicio de Inmigraci\u00f3n y Control de Aduanas (ICE).<\/p>\n<p>A pesar de que el Gobierno del presidente Barack Obama decidi\u00f3 en 2011 centrar sus esfuerzos principalmente en expulsar a los inmigrantes indocumentados con historial criminal, de los 214.264 repatriados hasta el 31 de agosto pasado, 87.981 est\u00e1n libres de dichos antecedentes, seg\u00fan inform\u00f3 ayer Univisi\u00f3n.<\/p>\n<p>Seg\u00fan las cifras solicitadas por el canal hispano a ICE, hasta agosto pasado el Gobierno de Obama ha deportado a cerca de 2,5 millones de inmigrantes indocumentados.<\/p>\n<p>Organizaciones a favor de los inmigrantes han cuestionado la \u00abcriminalizaci\u00f3n\u00bb de los inmigrantes indocumentados, que en muchos de los casos son deportados por infracciones menores de tr\u00e1nsito o por extender su estad\u00eda en el pa\u00eds con alguna visa expirada.<\/p>\n<p>En junio pasado, el precandidato republicano Donald Trump, quien ha prometido deportar a \u00abtodos\u00bb los indocumentados, unos 11 millones, se refiri\u00f3 a los inmigrantes de origen mexicano como \u00abcriminales\u00bb y violadores\u00bb durante la presentaci\u00f3n de su candidatura.<\/p>\n<p>Sin embargo, un informe del grupo de estudios The American Inmigration Council concluy\u00f3 en julio pasado que \u00abla gran mayor\u00eda\u00bb de los inmigrantes no son \u00abcriminales\u00bb, y que aquellos provenientes de M\u00e9xico tienen tres veces menos posibilidades de ser encarcelados que los nacidos en Estados Unidos.<\/p>\n<p>Por otro lado, pese al total de 2.488.302 repatriados durante el Gobierno Obama, las deportaciones han disminuido en los \u00faltimos a\u00f1os tras el incremento sostenido que presentaron a partir de 2007, cuando hubo 291.060 deportaciones.<\/p>\n<p>Desde entonces hab\u00edan aumentado con m\u00e1s de 369.000 en el periodo fiscal 2008, m\u00e1s de 389.000 en 2009, m\u00e1s de 392.000 en 2010 y m\u00e1s de 396.000 en 2011; aunque en 2012 bajaron hasta las 366.300 y han continuado su descenso, seg\u00fan ICE.<\/p>\n<p>Cuando estas repatriaciones superaron la cifra r\u00e9cord de dos millones durante el mandato de Obama, que comenz\u00f3 en 2009, el presidente lleg\u00f3 a ser bautizado por grupos proinmigrantes como el \u00abdeportador en jefe\u00bb.<\/p>\n<\/div>\n<div><\/div>\n<p>&nbsp;<\/p>\n","protected":false},"excerpt":{"rendered":"<p>EFE Miami, EEUU Cerca de un 41 por ciento de los indocumentados deportados durante los primeros 11 meses del presente a\u00f1o fiscal carec\u00eda de antecedentes criminales, seg\u00fan cifras del Servicio de Inmigraci\u00f3n y Control de Aduanas (ICE). A pesar de que el Gobierno del presidente Barack Obama decidi\u00f3 en 2011 centrar sus esfuerzos principalmente en [&hellip;]<\/p>\n","protected":false},"author":7,"featured_media":23662,"comment_status":"open","ping_status":"open","sticky":false,"template":"","format":"standard","meta":{"footnotes":""},"categories":[54,40],"tags":[],"class_list":["post-23661","post","type-post","status-publish","format-standard","has-post-thumbnail","hentry","category-emigrantes","category-internacionales"],"_links":{"self":[{"href":"https:\/\/2horizontes.com\/index.php?rest_route=\/wp\/v2\/posts\/23661","targetHints":{"allow":["GET"]}}],"collection":[{"href":"https:\/\/2horizontes.com\/index.php?rest_route=\/wp\/v2\/posts"}],"about":[{"href":"https:\/\/2horizontes.com\/index.php?rest_route=\/wp\/v2\/types\/post"}],"author":[{"embeddable":true,"href":"https:\/\/2horizontes.com\/index.php?rest_route=\/wp\/v2\/users\/7"}],"replies":[{"embeddable":true,"href":"https:\/\/2horizontes.com\/index.php?rest_route=%2Fwp%2Fv2%2Fcomments&post=23661"}],"version-history":[{"count":1,"href":"https:\/\/2horizontes.com\/index.php?rest_route=\/wp\/v2\/posts\/23661\/revisions"}],"predecessor-version":[{"id":23663,"href":"https:\/\/2horizontes.com\/index.php?rest_route=\/wp\/v2\/posts\/23661\/revisions\/23663"}],"wp:featuredmedia":[{"embeddable":true,"href":"https:\/\/2horizontes.com\/index.php?rest_route=\/wp\/v2\/media\/23662"}],"wp:attachment":[{"href":"https:\/\/2horizontes.com\/index.php?rest_route=%2Fwp%2Fv2%2Fmedia&parent=23661"}],"wp:term":[{"taxonomy":"category","embeddable":true,"href":"https:\/\/2horizontes.com\/index.php?rest_route=%2Fwp%2Fv2%2Fcategories&post=23661"},{"taxonomy":"post_tag","embeddable":true,"href":"https:\/\/2horizontes.com\/index.php?rest_route=%2Fwp%2Fv2%2Ftags&post=23661"}],"curies":[{"name":"wp","href":"https:\/\/api.w.org\/{rel}","templated":true}]}}