{"id":2366,"date":"2014-09-30T10:41:07","date_gmt":"2014-09-30T10:41:07","guid":{"rendered":"http:\/\/2horizontes.com\/?p=2366"},"modified":"2014-09-30T10:41:07","modified_gmt":"2014-09-30T10:41:07","slug":"el-ciclista-isidro-nozal-sufre-grave-accidente-de-trafico","status":"publish","type":"post","link":"https:\/\/2horizontes.com\/?p=2366","title":{"rendered":"El ciclista Isidro Nozal, sufre grave  accidente de tr\u00e1fico"},"content":{"rendered":"<p><a href=\"http:\/\/2horizontes.com\/wp-content\/uploads\/2014\/09\/ss.jpg\"><img loading=\"lazy\" decoding=\"async\" src=\"http:\/\/2horizontes.com\/wp-content\/uploads\/2014\/09\/ss-215x300.jpg\" alt=\"ss\" width=\"215\" height=\"300\" class=\"alignleft size-medium wp-image-2368\" srcset=\"https:\/\/2horizontes.com\/wp-content\/uploads\/2014\/09\/ss-215x300.jpg 215w, https:\/\/2horizontes.com\/wp-content\/uploads\/2014\/09\/ss-510x710.jpg 510w, https:\/\/2horizontes.com\/wp-content\/uploads\/2014\/09\/ss-624x869.jpg 624w, https:\/\/2horizontes.com\/wp-content\/uploads\/2014\/09\/ss.jpg 980w\" sizes=\"auto, (max-width: 215px) 100vw, 215px\" \/><\/a><\/p>\n<p>El corredor, segundo en la Vuelta 2003, se ha visto envuelto en la colisi\u00f3n entre dos coches y un cami\u00f3n en Cantabria<\/p>\n<p>El ciclista Isidro Nozal, que fue segundo en la Vuelta a Espa\u00f1a 2003, ha resultado herido grave en un accidente de tr\u00e1fico producido esta ma\u00f1ana entre dos coches y un cami\u00f3n en la N-634, a la altura de Penagos (Cantabria), seg\u00fan ha informado la Guardia Civil de Tr\u00e1fico.<\/p>\n<p>La colisi\u00f3n en la que se han visto implicados dos turismos y un cami\u00f3n ha provocado tambi\u00e9n un herido leve, una mujer de 18 a\u00f1os que ha sido trasladada al Hospital Universitario Marqu\u00e9s de Valdecilla. A ese mismo centro han llevado a Nozal, de 36 a\u00f1os y cuyo estado es grave aunque se encuentra estable.<\/p>\n<p>Seg\u00fan informa el servicio de emergencias 112, el accidente se produjo a las 7.45 horas de esta ma\u00f1ana, cuando uno de los turismos que circulaba en direcci\u00f3n a Torrelavega ha adelantado a un cami\u00f3n y ha chocado contra otro veh\u00edculo que marchaba en sentido contrario, direcci\u00f3n Solares.<\/p>\n<p>Como consecuencia del choque, el primero de los veh\u00edculos ha quedado encajado de forma fronto-lateral en la parte izquierda de la cabina tractora del cami\u00f3n, y ha resultado herida leve su \u00fanica ocupante, una mujer de 18 a\u00f1os.<\/p>\n<p>El segundo de los turismos ha acabado en el arc\u00e9n izquierdo, en sentido contrario al que circulaba, y su conductor -Isidro Nozal- ha tenido que ser liberado por los servicios de emergencias. El conductor del cami\u00f3n ha resultado ileso.<\/p>\n<p>Tras su segundo puesto en la Vuelta en 2003, Nozal, nacido en Baracaldo pero afincado en Cantabria, desempe\u00f1\u00f3 en 2004 tareas sobre todo de gregario para Roberto Heras. En 2005 dio una tasa de hematocrito superior al m\u00e1ximo permitido en un control antidopaje previo a la Dauphin\u00e9 Lib\u00e9r\u00e9, por lo que no pudo competir durante dos semanas. En 2006, en el marco de la Operaci\u00f3n Puerto, fue identificado por la Guardia Civil como cliente de la red de dopaje, pero no fue sancionado por la Justicia espa\u00f1ola.<\/p>\n","protected":false},"excerpt":{"rendered":"<p>El corredor, segundo en la Vuelta 2003, se ha visto envuelto en la colisi\u00f3n entre dos coches y un cami\u00f3n en Cantabria El ciclista Isidro Nozal, que fue segundo en la Vuelta a Espa\u00f1a 2003, ha resultado herido grave en un accidente de tr\u00e1fico producido esta ma\u00f1ana entre dos coches y un cami\u00f3n en la [&hellip;]<\/p>\n","protected":false},"author":1,"featured_media":0,"comment_status":"open","ping_status":"open","sticky":false,"template":"","format":"standard","meta":{"footnotes":""},"categories":[1],"tags":[],"class_list":["post-2366","post","type-post","status-publish","format-standard","hentry","category-entretenimiento"],"_links":{"self":[{"href":"https:\/\/2horizontes.com\/index.php?rest_route=\/wp\/v2\/posts\/2366","targetHints":{"allow":["GET"]}}],"collection":[{"href":"https:\/\/2horizontes.com\/index.php?rest_route=\/wp\/v2\/posts"}],"about":[{"href":"https:\/\/2horizontes.com\/index.php?rest_route=\/wp\/v2\/types\/post"}],"author":[{"embeddable":true,"href":"https:\/\/2horizontes.com\/index.php?rest_route=\/wp\/v2\/users\/1"}],"replies":[{"embeddable":true,"href":"https:\/\/2horizontes.com\/index.php?rest_route=%2Fwp%2Fv2%2Fcomments&post=2366"}],"version-history":[{"count":1,"href":"https:\/\/2horizontes.com\/index.php?rest_route=\/wp\/v2\/posts\/2366\/revisions"}],"predecessor-version":[{"id":2369,"href":"https:\/\/2horizontes.com\/index.php?rest_route=\/wp\/v2\/posts\/2366\/revisions\/2369"}],"wp:attachment":[{"href":"https:\/\/2horizontes.com\/index.php?rest_route=%2Fwp%2Fv2%2Fmedia&parent=2366"}],"wp:term":[{"taxonomy":"category","embeddable":true,"href":"https:\/\/2horizontes.com\/index.php?rest_route=%2Fwp%2Fv2%2Fcategories&post=2366"},{"taxonomy":"post_tag","embeddable":true,"href":"https:\/\/2horizontes.com\/index.php?rest_route=%2Fwp%2Fv2%2Ftags&post=2366"}],"curies":[{"name":"wp","href":"https:\/\/api.w.org\/{rel}","templated":true}]}}