{"id":23658,"date":"2015-09-10T08:21:31","date_gmt":"2015-09-10T07:21:31","guid":{"rendered":"http:\/\/2horizontes.com\/?p=23658"},"modified":"2015-09-10T08:21:31","modified_gmt":"2015-09-10T07:21:31","slug":"maduro-no-abrire-frontera-hasta-lograr-un-acuerdo-garantizado-con-colombia","status":"publish","type":"post","link":"https:\/\/2horizontes.com\/?p=23658","title":{"rendered":"Maduro: no abrir\u00e9 frontera hasta lograr un acuerdo garantizado con Colombia"},"content":{"rendered":"<div id=\"ArticleAuthorDiv\" class=\"article-body-author\"><b>EFE<\/b><\/div>\n<div id=\"ArticleSourceDiv\" class=\"article-body-author\"><b>Caracas<\/b><\/div>\n<div id=\"ArticleBody\">\n<p>El presidente de Venezuela, Nicol\u00e1s Maduro, asegur\u00f3 ayer que no abrir\u00e1 los tramos cerrados de frontera con Colombia hasta que se llegue a un acuerdo \u00abgarantizado\u00bb con el pa\u00eds vecino \u00abpara una nueva frontera de paz\u00bb.<\/p>\n<p>En una intervenci\u00f3n desde el Palacio de Miraflores transmitida por el canal estatal, el presidente afirm\u00f3 que desde que aplic\u00f3 \u00abel torniquete salvador\u00bb, en referencia al cierre fronterizo en los estados del T\u00e1chira y el Zulia, Venezuela se est\u00e1 ahorrando \u00ab2.500 millones de d\u00f3lares por extracci\u00f3n de combustible\u00bb hacia el pa\u00eds vecino.<\/p>\n<p>\u00abEse torniquete se queda all\u00ed, para proteger a nuestro pueblo, hasta que logremos un acuerdo con Colombia para una nueva frontera de paz, un acuerdo garantizado, palabra garantizada en los hechos, ya ah\u00ed iremos estableciendo una nueva frontera, fluida, viva, pero de paz\u00bb, asever\u00f3.<\/p>\n<p>Maduro dijo estar seguro de que \u00abel pueblo de C\u00facuta y el de Maicao\u00bb, en referencia a las dos ciudades fronterizas colombianas junto a los principales pasos cerrados, \u00abva a opinar, igual que el pueblo de Venezuela, que quiere que se acabe la dictadura de los paramilitares en la frontera\u00bb.<\/p>\n<p>El presidente inform\u00f3 de que ha recibido informes de la \u00abmejor\u00eda leve, pero mejor\u00eda\u00bb del estado de los dos tenientes y el sargento heridos por supuestos paramilitares hace tres semanas en la zona fronteriza de San Antonio del T\u00e1chira (Venezuela), incidente que desencaden\u00f3 el cierre fronterizo.<\/p>\n<p>\u00abCuatro paramilitares atacaron a nuestros soldados y eso rebos\u00f3 la paciencia y comenz\u00f3 una nueva etapa de la pol\u00edtica fronteriza de la revoluci\u00f3n bolivariana. Nuestro objetivo es construir una nueva frontera de paz, de trabajo, de prosperidad, de respeto a la legalidad\u00bb, recalc\u00f3.<\/p>\n<p>Asimismo, record\u00f3 que activ\u00f3 las zonas de seguridad n\u00famero uno y dos en el T\u00e1chira, con el decreto de estado de excepci\u00f3n en varios municipios de ese estado, \u00abuna zona donde ha habido combates con grupos paramilitares\u00bb.<\/p>\n<p>\u00abLos estamos buscando y acorralando, con nuestro Ej\u00e9rcito y se pasan para el lado colombiano y lamentablemente las autoridades colombianas no dan respuesta\u00bb, lament\u00f3.<\/p>\n<p>Maduro anunci\u00f3 que la pr\u00f3xima semana se celebrar\u00e1 en Caracas una \u00abconferencia internacional sobre derechos humanos en la frontera venezolana y sobre el \u00e9xodo masivo de colombianos hacia Venezuela\u00bb, continuaci\u00f3n de otra que tendr\u00e1 lugar en esta misma capital a finales de esta semana.<\/p>\n<\/div>\n","protected":false},"excerpt":{"rendered":"<p>EFE Caracas El presidente de Venezuela, Nicol\u00e1s Maduro, asegur\u00f3 ayer que no abrir\u00e1 los tramos cerrados de frontera con Colombia hasta que se llegue a un acuerdo \u00abgarantizado\u00bb con el pa\u00eds vecino \u00abpara una nueva frontera de paz\u00bb. En una intervenci\u00f3n desde el Palacio de Miraflores transmitida por el canal estatal, el presidente afirm\u00f3 que [&hellip;]<\/p>\n","protected":false},"author":7,"featured_media":23659,"comment_status":"open","ping_status":"open","sticky":false,"template":"","format":"standard","meta":{"footnotes":""},"categories":[50,54,40,43,48],"tags":[],"class_list":["post-23658","post","type-post","status-publish","format-standard","has-post-thumbnail","hentry","category-colombia","category-emigrantes","category-internacionales","category-politica","category-venezuela"],"_links":{"self":[{"href":"https:\/\/2horizontes.com\/index.php?rest_route=\/wp\/v2\/posts\/23658","targetHints":{"allow":["GET"]}}],"collection":[{"href":"https:\/\/2horizontes.com\/index.php?rest_route=\/wp\/v2\/posts"}],"about":[{"href":"https:\/\/2horizontes.com\/index.php?rest_route=\/wp\/v2\/types\/post"}],"author":[{"embeddable":true,"href":"https:\/\/2horizontes.com\/index.php?rest_route=\/wp\/v2\/users\/7"}],"replies":[{"embeddable":true,"href":"https:\/\/2horizontes.com\/index.php?rest_route=%2Fwp%2Fv2%2Fcomments&post=23658"}],"version-history":[{"count":1,"href":"https:\/\/2horizontes.com\/index.php?rest_route=\/wp\/v2\/posts\/23658\/revisions"}],"predecessor-version":[{"id":23660,"href":"https:\/\/2horizontes.com\/index.php?rest_route=\/wp\/v2\/posts\/23658\/revisions\/23660"}],"wp:featuredmedia":[{"embeddable":true,"href":"https:\/\/2horizontes.com\/index.php?rest_route=\/wp\/v2\/media\/23659"}],"wp:attachment":[{"href":"https:\/\/2horizontes.com\/index.php?rest_route=%2Fwp%2Fv2%2Fmedia&parent=23658"}],"wp:term":[{"taxonomy":"category","embeddable":true,"href":"https:\/\/2horizontes.com\/index.php?rest_route=%2Fwp%2Fv2%2Fcategories&post=23658"},{"taxonomy":"post_tag","embeddable":true,"href":"https:\/\/2horizontes.com\/index.php?rest_route=%2Fwp%2Fv2%2Ftags&post=23658"}],"curies":[{"name":"wp","href":"https:\/\/api.w.org\/{rel}","templated":true}]}}