{"id":23655,"date":"2015-09-10T08:17:55","date_gmt":"2015-09-10T07:17:55","guid":{"rendered":"http:\/\/2horizontes.com\/?p=23655"},"modified":"2015-09-10T08:17:56","modified_gmt":"2015-09-10T07:17:56","slug":"los-obama-recibiran-al-papa-en-washington-a-su-llegada-a-una-base-aerea","status":"publish","type":"post","link":"https:\/\/2horizontes.com\/?p=23655","title":{"rendered":"Los Obama recibir\u00e1n al papa en Washington a su llegada a una base a\u00e9rea"},"content":{"rendered":"<div id=\"ArticleAuthorDiv\" class=\"article-body-author\"><b>EFE<\/b><\/div>\n<div id=\"ArticleSourceDiv\" class=\"article-body-author\"><b>Washington<\/b><\/div>\n<div id=\"ArticleBody\">\n<p>El presidente de EE.UU., Barack Obama, y su esposa, Michelle, se desplazar\u00e1n a la base a\u00e9rea de Andrews, a las afueras de Washington, para recibir al papa Francisco a su llegada al pa\u00eds el 22 de septiembre procedente de Cuba, anunci\u00f3 ayer la Casa Blanca.<\/p>\n<p>As\u00ed lo adelant\u00f3 a los periodistas en el avi\u00f3n presidencial rumbo a Warren (Michigan) Eric Schultz, portavoz adjunto de la Casa Blanca.<\/p>\n<p>En un gesto muy poco habitual, el matrimonio Obama dar\u00e1 personalmente la bienvenida al pont\u00edfice cuando este aterrice en la base a\u00e9rea de Andrews (Maryland) el 22 de septiembre para iniciar su primera visita oficial a EE.UU.<\/p>\n<p>Schultz admiti\u00f3 que no es \u00abcom\u00fan\u00bb que un presidente vaya a recibir a la base de Andrews a un l\u00edder extranjero que llega al pa\u00eds.<\/p>\n<p>No obstante, el portavoz anot\u00f3 que hay precedentes y puso como ejemplo que el entonces expresidente George W. Bush recibi\u00f3 en Andrews al papa Benedicto XVI en 2008.<\/p>\n<p>Durante su estancia en Washington, el papa Francisco se reunir\u00e1 con Obama en la Casa Blanca y oficiar\u00e1 la misa de canonizaci\u00f3n del franciscano espa\u00f1ol Jun\u00edpero Serra, evangelizador y fundador de varias misiones en el estado de California y en M\u00e9xico en el siglo XVIII, entre otras actividades.<\/p>\n<p>El pont\u00edfice se desplazar\u00e1 a Nueva York el 24 de septiembre para oficiar una multitudinaria misa en el Madison Square Garden e intervenir ante la Asamblea General de las Naciones Unidas.<\/p>\n<p>El papa dejar\u00e1 Nueva York el 26 de septiembre para culminar su viaje por EE.UU. en la ciudad de Filadelfia, donde participar\u00e1 en la clausura del Encuentro Mundial de las Familias.<\/p>\n<p>Seg\u00fan una encuesta divulgada la semana pasada, el 66 % de los estadounidenses tiene una opini\u00f3n \u00abfavorable\u00bb o \u00abmuy favorable\u00bb del pont\u00edfice.<\/p>\n<\/div>\n","protected":false},"excerpt":{"rendered":"<p>EFE Washington El presidente de EE.UU., Barack Obama, y su esposa, Michelle, se desplazar\u00e1n a la base a\u00e9rea de Andrews, a las afueras de Washington, para recibir al papa Francisco a su llegada al pa\u00eds el 22 de septiembre procedente de Cuba, anunci\u00f3 ayer la Casa Blanca. As\u00ed lo adelant\u00f3 a los periodistas en el [&hellip;]<\/p>\n","protected":false},"author":7,"featured_media":23656,"comment_status":"open","ping_status":"open","sticky":false,"template":"","format":"standard","meta":{"footnotes":""},"categories":[40],"tags":[],"class_list":["post-23655","post","type-post","status-publish","format-standard","has-post-thumbnail","hentry","category-internacionales"],"_links":{"self":[{"href":"https:\/\/2horizontes.com\/index.php?rest_route=\/wp\/v2\/posts\/23655","targetHints":{"allow":["GET"]}}],"collection":[{"href":"https:\/\/2horizontes.com\/index.php?rest_route=\/wp\/v2\/posts"}],"about":[{"href":"https:\/\/2horizontes.com\/index.php?rest_route=\/wp\/v2\/types\/post"}],"author":[{"embeddable":true,"href":"https:\/\/2horizontes.com\/index.php?rest_route=\/wp\/v2\/users\/7"}],"replies":[{"embeddable":true,"href":"https:\/\/2horizontes.com\/index.php?rest_route=%2Fwp%2Fv2%2Fcomments&post=23655"}],"version-history":[{"count":1,"href":"https:\/\/2horizontes.com\/index.php?rest_route=\/wp\/v2\/posts\/23655\/revisions"}],"predecessor-version":[{"id":23657,"href":"https:\/\/2horizontes.com\/index.php?rest_route=\/wp\/v2\/posts\/23655\/revisions\/23657"}],"wp:featuredmedia":[{"embeddable":true,"href":"https:\/\/2horizontes.com\/index.php?rest_route=\/wp\/v2\/media\/23656"}],"wp:attachment":[{"href":"https:\/\/2horizontes.com\/index.php?rest_route=%2Fwp%2Fv2%2Fmedia&parent=23655"}],"wp:term":[{"taxonomy":"category","embeddable":true,"href":"https:\/\/2horizontes.com\/index.php?rest_route=%2Fwp%2Fv2%2Fcategories&post=23655"},{"taxonomy":"post_tag","embeddable":true,"href":"https:\/\/2horizontes.com\/index.php?rest_route=%2Fwp%2Fv2%2Ftags&post=23655"}],"curies":[{"name":"wp","href":"https:\/\/api.w.org\/{rel}","templated":true}]}}