{"id":23554,"date":"2015-09-09T14:45:44","date_gmt":"2015-09-09T13:45:44","guid":{"rendered":"http:\/\/2horizontes.com\/?p=23554"},"modified":"2015-09-09T14:45:44","modified_gmt":"2015-09-09T13:45:44","slug":"despiden-a-camarografa-hungara-por-patear-inmigrantes","status":"publish","type":"post","link":"https:\/\/2horizontes.com\/?p=23554","title":{"rendered":"Despiden a camar\u00f3grafa h\u00fangara por patear inmigrantes"},"content":{"rendered":"<p>Espa\u00f1ol) &#8211; Un video muestra a una camar\u00f3grafa de la cadena h\u00fangara haci\u00e9ndole pateando a dos migrantes, y haci\u00e9ndole zancadilla a un padre que cargaba a su hija peque\u00f1a, mientras escapaban de un control fronterizo este martes.<\/p>\n<p>N1TV dijo en un comunicado que \u00abel comportamiento de la camar\u00f3grafa fue completamente inaceptable. Su contrato de empleo ser\u00e1 terminado\u00bb.<\/p>\n<p>Aunque algunos medios han mencionado un presunto nombre, la mujer no se ha identificado directamente y su rostro aparece cubierto en el video.<\/p>\n<p>El periodista alem\u00e1n Stephen Richter public\u00f3 en Twitter un video del momento de la zancadilla.<\/p>\n","protected":false},"excerpt":{"rendered":"<p>Espa\u00f1ol) &#8211; Un video muestra a una camar\u00f3grafa de la cadena h\u00fangara haci\u00e9ndole pateando a dos migrantes, y haci\u00e9ndole zancadilla a un padre que cargaba a su hija peque\u00f1a, mientras escapaban de un control fronterizo este martes. N1TV dijo en un comunicado que \u00abel comportamiento de la camar\u00f3grafa fue completamente inaceptable. Su contrato de empleo [&hellip;]<\/p>\n","protected":false},"author":3,"featured_media":23555,"comment_status":"open","ping_status":"open","sticky":false,"template":"","format":"standard","meta":{"footnotes":""},"categories":[40],"tags":[],"class_list":["post-23554","post","type-post","status-publish","format-standard","has-post-thumbnail","hentry","category-internacionales"],"_links":{"self":[{"href":"https:\/\/2horizontes.com\/index.php?rest_route=\/wp\/v2\/posts\/23554","targetHints":{"allow":["GET"]}}],"collection":[{"href":"https:\/\/2horizontes.com\/index.php?rest_route=\/wp\/v2\/posts"}],"about":[{"href":"https:\/\/2horizontes.com\/index.php?rest_route=\/wp\/v2\/types\/post"}],"author":[{"embeddable":true,"href":"https:\/\/2horizontes.com\/index.php?rest_route=\/wp\/v2\/users\/3"}],"replies":[{"embeddable":true,"href":"https:\/\/2horizontes.com\/index.php?rest_route=%2Fwp%2Fv2%2Fcomments&post=23554"}],"version-history":[{"count":1,"href":"https:\/\/2horizontes.com\/index.php?rest_route=\/wp\/v2\/posts\/23554\/revisions"}],"predecessor-version":[{"id":23556,"href":"https:\/\/2horizontes.com\/index.php?rest_route=\/wp\/v2\/posts\/23554\/revisions\/23556"}],"wp:featuredmedia":[{"embeddable":true,"href":"https:\/\/2horizontes.com\/index.php?rest_route=\/wp\/v2\/media\/23555"}],"wp:attachment":[{"href":"https:\/\/2horizontes.com\/index.php?rest_route=%2Fwp%2Fv2%2Fmedia&parent=23554"}],"wp:term":[{"taxonomy":"category","embeddable":true,"href":"https:\/\/2horizontes.com\/index.php?rest_route=%2Fwp%2Fv2%2Fcategories&post=23554"},{"taxonomy":"post_tag","embeddable":true,"href":"https:\/\/2horizontes.com\/index.php?rest_route=%2Fwp%2Fv2%2Ftags&post=23554"}],"curies":[{"name":"wp","href":"https:\/\/api.w.org\/{rel}","templated":true}]}}