{"id":23538,"date":"2015-09-09T14:11:20","date_gmt":"2015-09-09T13:11:20","guid":{"rendered":"http:\/\/2horizontes.com\/?p=23538"},"modified":"2015-09-09T14:11:20","modified_gmt":"2015-09-09T13:11:20","slug":"espana-acogera-a-14-931-refugiados-de-un-total-de-120-000","status":"publish","type":"post","link":"https:\/\/2horizontes.com\/?p=23538","title":{"rendered":"Espa\u00f1a acoger\u00e1 a 14.931 refugiados de un total de 120.000"},"content":{"rendered":"<p>La Comisi\u00f3n Europea ha confirmado este mi\u00e9rcoles que Espa\u00f1a deber\u00e1 acoger a 14.931 refugiados del total de 120.000 llegados a Grecia, Italia y Hungr\u00eda, m\u00e1s del triple de lo que le solicit\u00f3 en mayo.<\/p>\n<p>La cantidad exigida a Espa\u00f1a es la tercera m\u00e1s alta de la UE, detr\u00e1s de Alemania (31.443 refugiados) y Francia (24.031) y es el resultado de un c\u00e1lculo basado en cuatro criterios de distribuci\u00f3n: la poblaci\u00f3n, el PIB, el nivel de desempleo y el esfuerzo previo de acogida de cada pa\u00eds.<\/p>\n<p>El Ejecutivo comunitario ha incluido en su propuesta de sistema obligatorio de reparto de refugiados a 22 de los 28 Estados miembros de la UE, puesto que quedan excluidos Grecia, Italia y Hungr\u00eda, a los que Bruselas quiere ayudar con esta medida, as\u00ed como el Reino Unido, Dinamarca e Irlanda, que gozan del derecho de no participaci\u00f3n en asuntos de Justicia e Interior.<\/p>\n<p>La cifra definitiva de cuotas ha sido hecha p\u00fablica hoy mismo, coincidiendo con el Discurso sobre el Estado de la UE, pronunciado por Jean-Claude Juncker. El presidente de la Comisi\u00f3n Europea ha sentenciado que \u00abdebemos acoger a los refugiados en la UE\u00bb y ha realizado un llamamiento para tener \u00abm\u00e1s Europa y m\u00e1s uni\u00f3n\u00bb.<\/p>\n<p>Juncker ha hablado de los hugonotes, de los gitanos, de los republicanos espa\u00f1oles de la Guerra Civil, de los revolucionarios h\u00fangaros a mediados del siglo pasado, a los checos de la Primavera de Praga. De los muchos ejemplos del pasado para poner en perspectiva la crisis actual, seg\u00fan informa desde Bruselas Pablo R. Suanzes.<\/p>\n<p>\u00abLos europeos no podemos olvidar lo importante que es el derecho al asilo, uno de los valores m\u00e1s importantes que existen. A pesar de nuestra fragilidad, de nuestra propia percepci\u00f3n de debilidad, hoy es Europa la que buscan como lugar para el refugio y el exilio. Europa es, con mucho, el lugar m\u00e1s estable y rico del mundo\u00bb, ha sentenciado.<\/p>\n","protected":false},"excerpt":{"rendered":"<p>La Comisi\u00f3n Europea ha confirmado este mi\u00e9rcoles que Espa\u00f1a deber\u00e1 acoger a 14.931 refugiados del total de 120.000 llegados a Grecia, Italia y Hungr\u00eda, m\u00e1s del triple de lo que le solicit\u00f3 en mayo. La cantidad exigida a Espa\u00f1a es la tercera m\u00e1s alta de la UE, detr\u00e1s de Alemania (31.443 refugiados) y Francia (24.031) [&hellip;]<\/p>\n","protected":false},"author":3,"featured_media":23539,"comment_status":"open","ping_status":"open","sticky":false,"template":"","format":"standard","meta":{"footnotes":""},"categories":[85,86],"tags":[],"class_list":["post-23538","post","type-post","status-publish","format-standard","has-post-thumbnail","hentry","category-espana","category-europa"],"_links":{"self":[{"href":"https:\/\/2horizontes.com\/index.php?rest_route=\/wp\/v2\/posts\/23538","targetHints":{"allow":["GET"]}}],"collection":[{"href":"https:\/\/2horizontes.com\/index.php?rest_route=\/wp\/v2\/posts"}],"about":[{"href":"https:\/\/2horizontes.com\/index.php?rest_route=\/wp\/v2\/types\/post"}],"author":[{"embeddable":true,"href":"https:\/\/2horizontes.com\/index.php?rest_route=\/wp\/v2\/users\/3"}],"replies":[{"embeddable":true,"href":"https:\/\/2horizontes.com\/index.php?rest_route=%2Fwp%2Fv2%2Fcomments&post=23538"}],"version-history":[{"count":1,"href":"https:\/\/2horizontes.com\/index.php?rest_route=\/wp\/v2\/posts\/23538\/revisions"}],"predecessor-version":[{"id":23540,"href":"https:\/\/2horizontes.com\/index.php?rest_route=\/wp\/v2\/posts\/23538\/revisions\/23540"}],"wp:featuredmedia":[{"embeddable":true,"href":"https:\/\/2horizontes.com\/index.php?rest_route=\/wp\/v2\/media\/23539"}],"wp:attachment":[{"href":"https:\/\/2horizontes.com\/index.php?rest_route=%2Fwp%2Fv2%2Fmedia&parent=23538"}],"wp:term":[{"taxonomy":"category","embeddable":true,"href":"https:\/\/2horizontes.com\/index.php?rest_route=%2Fwp%2Fv2%2Fcategories&post=23538"},{"taxonomy":"post_tag","embeddable":true,"href":"https:\/\/2horizontes.com\/index.php?rest_route=%2Fwp%2Fv2%2Ftags&post=23538"}],"curies":[{"name":"wp","href":"https:\/\/api.w.org\/{rel}","templated":true}]}}