{"id":23511,"date":"2015-09-08T19:48:54","date_gmt":"2015-09-08T18:48:54","guid":{"rendered":"http:\/\/2horizontes.com\/?p=23511"},"modified":"2015-09-08T19:48:54","modified_gmt":"2015-09-08T18:48:54","slug":"froome-podria-perderse-el-mundial-de-ciclismo-por-lesion-en-el-pie","status":"publish","type":"post","link":"https:\/\/2horizontes.com\/?p=23511","title":{"rendered":"Froome podr\u00eda perderse el Mundial de ciclismo por lesi\u00f3n en el pie"},"content":{"rendered":"<p>Londres.- El brit\u00e1nico Christopher Froome podr\u00eda perderse el inminente Mundial de ciclismo porque la rotura en el pie que sufri\u00f3 durante la Vuelta a Espa\u00f1a no evolucion\u00f3 tan r\u00e1pido como esperaba.<\/p>\n<p>El ganador del Tour de France se rompi\u00f3 un hueso del pie derecho en un accidente en el que choc\u00f3 con una barrera y un muro de piedra en una cuneta de la carretera durante la und\u00e9cima etapa de la Vuelta.<\/p>\n<p>Por eso, su presencia para el campeonato que se llevar\u00e1 a cabo en Richmond, Estados Unidos, entre el 19 y el 27 de septiembre est\u00e1 en serias dudas, rese\u00f1\u00f3 DPA.<\/p>\n<p>\u00abSu participaci\u00f3n es poco probable. La rotura toma un tiempo en sanar\u00bb, afirm\u00f3 el jefe del equipo Sky, Dave Brailsford.<\/p>\n<p>Froome tiene previsto correr en la contrarreloj y en la prueba de ruta del Mundial.<\/p>\n","protected":false},"excerpt":{"rendered":"<p>Londres.- El brit\u00e1nico Christopher Froome podr\u00eda perderse el inminente Mundial de ciclismo porque la rotura en el pie que sufri\u00f3 durante la Vuelta a Espa\u00f1a no evolucion\u00f3 tan r\u00e1pido como esperaba. El ganador del Tour de France se rompi\u00f3 un hueso del pie derecho en un accidente en el que choc\u00f3 con una barrera y [&hellip;]<\/p>\n","protected":false},"author":3,"featured_media":23512,"comment_status":"open","ping_status":"open","sticky":false,"template":"","format":"standard","meta":{"footnotes":""},"categories":[42],"tags":[],"class_list":["post-23511","post","type-post","status-publish","format-standard","has-post-thumbnail","hentry","category-deportes"],"_links":{"self":[{"href":"https:\/\/2horizontes.com\/index.php?rest_route=\/wp\/v2\/posts\/23511","targetHints":{"allow":["GET"]}}],"collection":[{"href":"https:\/\/2horizontes.com\/index.php?rest_route=\/wp\/v2\/posts"}],"about":[{"href":"https:\/\/2horizontes.com\/index.php?rest_route=\/wp\/v2\/types\/post"}],"author":[{"embeddable":true,"href":"https:\/\/2horizontes.com\/index.php?rest_route=\/wp\/v2\/users\/3"}],"replies":[{"embeddable":true,"href":"https:\/\/2horizontes.com\/index.php?rest_route=%2Fwp%2Fv2%2Fcomments&post=23511"}],"version-history":[{"count":1,"href":"https:\/\/2horizontes.com\/index.php?rest_route=\/wp\/v2\/posts\/23511\/revisions"}],"predecessor-version":[{"id":23513,"href":"https:\/\/2horizontes.com\/index.php?rest_route=\/wp\/v2\/posts\/23511\/revisions\/23513"}],"wp:featuredmedia":[{"embeddable":true,"href":"https:\/\/2horizontes.com\/index.php?rest_route=\/wp\/v2\/media\/23512"}],"wp:attachment":[{"href":"https:\/\/2horizontes.com\/index.php?rest_route=%2Fwp%2Fv2%2Fmedia&parent=23511"}],"wp:term":[{"taxonomy":"category","embeddable":true,"href":"https:\/\/2horizontes.com\/index.php?rest_route=%2Fwp%2Fv2%2Fcategories&post=23511"},{"taxonomy":"post_tag","embeddable":true,"href":"https:\/\/2horizontes.com\/index.php?rest_route=%2Fwp%2Fv2%2Ftags&post=23511"}],"curies":[{"name":"wp","href":"https:\/\/api.w.org\/{rel}","templated":true}]}}