{"id":23496,"date":"2015-09-08T19:24:50","date_gmt":"2015-09-08T18:24:50","guid":{"rendered":"http:\/\/2horizontes.com\/?p=23496"},"modified":"2015-09-08T19:24:50","modified_gmt":"2015-09-08T18:24:50","slug":"valverde-y-purito-lideres-para-el-mundial","status":"publish","type":"post","link":"https:\/\/2horizontes.com\/?p=23496","title":{"rendered":"Valverde y Purito l\u00edderes para el Mundial"},"content":{"rendered":"<p>Alejandro Valverde y Purito Rodr\u00edguez ser\u00e1n las bazas del equipo espa\u00f1ol en los Mundiales de Ciclismo de Richmond (Estados Unidos) que se celebrar\u00e1n entre el 19 y el 27 de este mes.<\/p>\n<p>A pesar de que \u201cel circuito no es el ideal para ninguno de los dos, tiene tres repechos al final que les dan opciones de triunfo\u201d, afirm\u00f3 el seleccionador nacional, Javier M\u00ednguez al anunciar la lista de ciclistas preseleccionados para esa competici\u00f3n.<\/p>\n<p>Movistar es el equipo que tirar\u00e1 del carro con Alejandro Valverde a la cabeza, al que acompa\u00f1an en la preselecci\u00f3n sus compa\u00f1eros de equipo Jon Izagirre, Gorka Izagirre, Juan Jos\u00e9 Lobato, Imanol Erviti, Jonathan Castroviejo y Jos\u00e9 Joaqu\u00edn Rojas.<\/p>\n<p>El otro l\u00edder del equipo, Purito Rodr\u00edguez tendr\u00e1 a su lado a sus compa\u00f1eros Dani Moreno y \u00c1ngel Vicioso.<\/p>\n<p>Luis Le\u00f3n Sanchez (Astana), Rub\u00e9n Plaza (Lampre) y \u00c1ngel Madrazo y Lluis M\u00e1s (Caja Rural), son el resto de los preseleccionados.<\/p>\n<p>De entre ellos, M\u00ednguez tendr\u00e1 que elegir a los nueve ciclistas que disputar\u00e1n la prueba en l\u00ednea. Los dos elegidos para la competici\u00f3n contrarreloj ya est\u00e1n claros: Jonathan Castroviejo y Luis Le\u00f3n S\u00e1nchez.<\/p>\n<p>En la lista no est\u00e1 Alberto Contador. \u00abYa se despidi\u00f3 de todos al terminar el Tour y yo respeto las decisiones de los ciclistas.<\/p>\n<p>Es cierto que su negativa a correr el a\u00f1o pasado en Ponferrada &#8216;me dio mil patadas\u00bb, dijo Minguez. \u201cEspa\u00f1a tiene grandes corredores, pero se cuentan con los dedos de las manos. Y si uno dice que no, quien se resiente es Espa\u00f1a. Pero respet\u00e9 su decisi\u00f3n\u201d.<\/p>\n<p>A\u00fan as\u00ed, M\u00ednguez tiene m\u00e1s esperanzas centradas en los Juegos Ol\u00edmpicos de R\u00edo de Janeiro del pr\u00f3ximo a\u00f1o \u201cporque el recorrido es dur\u00edsimo y tiene tres ascensiones fuertes de nueve kil\u00f3metros cada una. El que no suba, no gana.<\/p>\n<p>Contador parece animado para esa competici\u00f3n. Pero lo que est\u00e1 claro es que a los Juegos tienen que ir ciclistas que hayan acabado bien el Tour, sin problemas f\u00edsicos, porque va a ser una prueba muy exigente\u201d.<\/p>\n","protected":false},"excerpt":{"rendered":"<p>Alejandro Valverde y Purito Rodr\u00edguez ser\u00e1n las bazas del equipo espa\u00f1ol en los Mundiales de Ciclismo de Richmond (Estados Unidos) que se celebrar\u00e1n entre el 19 y el 27 de este mes. A pesar de que \u201cel circuito no es el ideal para ninguno de los dos, tiene tres repechos al final que les dan [&hellip;]<\/p>\n","protected":false},"author":3,"featured_media":23502,"comment_status":"open","ping_status":"open","sticky":false,"template":"","format":"standard","meta":{"footnotes":""},"categories":[42],"tags":[],"class_list":["post-23496","post","type-post","status-publish","format-standard","has-post-thumbnail","hentry","category-deportes"],"_links":{"self":[{"href":"https:\/\/2horizontes.com\/index.php?rest_route=\/wp\/v2\/posts\/23496","targetHints":{"allow":["GET"]}}],"collection":[{"href":"https:\/\/2horizontes.com\/index.php?rest_route=\/wp\/v2\/posts"}],"about":[{"href":"https:\/\/2horizontes.com\/index.php?rest_route=\/wp\/v2\/types\/post"}],"author":[{"embeddable":true,"href":"https:\/\/2horizontes.com\/index.php?rest_route=\/wp\/v2\/users\/3"}],"replies":[{"embeddable":true,"href":"https:\/\/2horizontes.com\/index.php?rest_route=%2Fwp%2Fv2%2Fcomments&post=23496"}],"version-history":[{"count":1,"href":"https:\/\/2horizontes.com\/index.php?rest_route=\/wp\/v2\/posts\/23496\/revisions"}],"predecessor-version":[{"id":23503,"href":"https:\/\/2horizontes.com\/index.php?rest_route=\/wp\/v2\/posts\/23496\/revisions\/23503"}],"wp:featuredmedia":[{"embeddable":true,"href":"https:\/\/2horizontes.com\/index.php?rest_route=\/wp\/v2\/media\/23502"}],"wp:attachment":[{"href":"https:\/\/2horizontes.com\/index.php?rest_route=%2Fwp%2Fv2%2Fmedia&parent=23496"}],"wp:term":[{"taxonomy":"category","embeddable":true,"href":"https:\/\/2horizontes.com\/index.php?rest_route=%2Fwp%2Fv2%2Fcategories&post=23496"},{"taxonomy":"post_tag","embeddable":true,"href":"https:\/\/2horizontes.com\/index.php?rest_route=%2Fwp%2Fv2%2Ftags&post=23496"}],"curies":[{"name":"wp","href":"https:\/\/api.w.org\/{rel}","templated":true}]}}