{"id":23433,"date":"2015-09-08T16:57:39","date_gmt":"2015-09-08T15:57:39","guid":{"rendered":"http:\/\/2horizontes.com\/?p=23433"},"modified":"2015-09-08T16:57:39","modified_gmt":"2015-09-08T15:57:39","slug":"ata-exige-la-retirada-del-concordado-con-la-iglesia-catolica","status":"publish","type":"post","link":"https:\/\/2horizontes.com\/?p=23433","title":{"rendered":"ATA exige la retirada del concordado con la iglesia cat\u00f3lica"},"content":{"rendered":"<p>La semana pasada os estuvimos informando acerca de la decisi\u00f3n que hab\u00eda tomado el Obispado de C\u00e1diz y Ceuta con respecto al caso de Alex Salinas, el joven transexual de San Fernando al que no se le permite ser padrino de su sobrino por cuestiones eclesi\u00e1sticas que desvelan la homofobia que hay por parte de la iglesia algo que no pilla por sorpresa a estas alturas pero que sigue indignando de manera directa.<\/p>\n<p>Recodemos que Alex es un chico que lleva meses detr\u00e1s de que se le conceda el permiso para poder ser padrino de su sobrino, algo que no se le da a consecuencia de que la iglesia considerada que va contra la fe de Dios el hecho de que un hombre trans tenga tal derecho.<\/p>\n<p>La indignaci\u00f3n es muy grande y por ello, ATA se ha puesto manos a la obra despu\u00e9s de escuchar las nuevas decisiones del Obispado y ha pedido que se haga la retirada del concordado con la iglesia cat\u00f3lica algo que por el momento no sabemos si se conseguir\u00e1 pero que igualmente, ha quedado denunciado.<\/p>\n<p>\u00abLa libertad religiosa no puede entrar en conflicto con los Derechos Humanos. La iglesia debe ser responsable de sus reiteradas pr\u00e1cticas LGTBf\u00f3bicas que incitan al odio y al menoscabo de derechos y por tanto, el Estado de derecho debe proteger a las personas que son v\u00edctimas de estas pr\u00e1cticas\u00bb ha dejado rese\u00f1ado la Presidenta de ATA Mar Cambroll\u00e9.<\/p>\n<p>Sin duda la transfobia que se respira en el ambiente es bastante desagradable y por ello, Salinas ha tomado la decisi\u00f3n de seguir la fe por cuenta propia tal y como repasamos en el \u00faltimo art\u00edculo as\u00ed como tambi\u00e9n su hermana se ha negado a bautizar a su hijo en esta entidad.<\/p>\n","protected":false},"excerpt":{"rendered":"<p>La semana pasada os estuvimos informando acerca de la decisi\u00f3n que hab\u00eda tomado el Obispado de C\u00e1diz y Ceuta con respecto al caso de Alex Salinas, el joven transexual de San Fernando al que no se le permite ser padrino de su sobrino por cuestiones eclesi\u00e1sticas que desvelan la homofobia que hay por parte de [&hellip;]<\/p>\n","protected":false},"author":3,"featured_media":23434,"comment_status":"open","ping_status":"open","sticky":false,"template":"","format":"standard","meta":{"footnotes":""},"categories":[57],"tags":[],"class_list":["post-23433","post","type-post","status-publish","format-standard","has-post-thumbnail","hentry","category-mundo-gay"],"_links":{"self":[{"href":"https:\/\/2horizontes.com\/index.php?rest_route=\/wp\/v2\/posts\/23433","targetHints":{"allow":["GET"]}}],"collection":[{"href":"https:\/\/2horizontes.com\/index.php?rest_route=\/wp\/v2\/posts"}],"about":[{"href":"https:\/\/2horizontes.com\/index.php?rest_route=\/wp\/v2\/types\/post"}],"author":[{"embeddable":true,"href":"https:\/\/2horizontes.com\/index.php?rest_route=\/wp\/v2\/users\/3"}],"replies":[{"embeddable":true,"href":"https:\/\/2horizontes.com\/index.php?rest_route=%2Fwp%2Fv2%2Fcomments&post=23433"}],"version-history":[{"count":2,"href":"https:\/\/2horizontes.com\/index.php?rest_route=\/wp\/v2\/posts\/23433\/revisions"}],"predecessor-version":[{"id":23436,"href":"https:\/\/2horizontes.com\/index.php?rest_route=\/wp\/v2\/posts\/23433\/revisions\/23436"}],"wp:featuredmedia":[{"embeddable":true,"href":"https:\/\/2horizontes.com\/index.php?rest_route=\/wp\/v2\/media\/23434"}],"wp:attachment":[{"href":"https:\/\/2horizontes.com\/index.php?rest_route=%2Fwp%2Fv2%2Fmedia&parent=23433"}],"wp:term":[{"taxonomy":"category","embeddable":true,"href":"https:\/\/2horizontes.com\/index.php?rest_route=%2Fwp%2Fv2%2Fcategories&post=23433"},{"taxonomy":"post_tag","embeddable":true,"href":"https:\/\/2horizontes.com\/index.php?rest_route=%2Fwp%2Fv2%2Ftags&post=23433"}],"curies":[{"name":"wp","href":"https:\/\/api.w.org\/{rel}","templated":true}]}}