{"id":23424,"date":"2015-09-08T16:47:34","date_gmt":"2015-09-08T15:47:34","guid":{"rendered":"http:\/\/2horizontes.com\/?p=23424"},"modified":"2015-09-08T16:53:47","modified_gmt":"2015-09-08T15:53:47","slug":"manny-manuel-podria-ir-preso","status":"publish","type":"post","link":"https:\/\/2horizontes.com\/?p=23424","title":{"rendered":"Manny Manuel podr\u00eda ir preso"},"content":{"rendered":"<p>PUERTO RICO-Cruz Manuel Hern\u00e1ndez enfrentar\u00e1 la Justicia nuevamente por otro caso de violaci\u00f3n a la Ley de Veh\u00edculos y Tr\u00e1nsito de Puerto Rico, luego de impactar el s\u00e1bado a las 6:26 de la ma\u00f1ana una patrulla de la Polic\u00eda mientras conduc\u00eda en estado de embriaguez, seg\u00fan se publica en una cr\u00f3nica del peri\u00f3dico puertorrique\u00f1o Primera Hora.<\/p>\n<p>El 23 de septiembre un juez evaluar\u00e1 si existe causa para juicio contra el artista luego de que chocara el veh\u00edculo policial en la calle De Diego en Santurce mientras guiaba con un nivel de .25% de alcohol en la sangre, cuando el m\u00e1ximo permitido por ley es .08%.<\/p>\n<p>Hace unos a\u00f1os, Manny estuvo involucrado en un accidente en la carretera # 2en Bayam\u00f3n, cuando invadi\u00f3 los carriles contrarios e impact\u00f3 el veh\u00edculo de una mujer que viajaba con un beb\u00e9 de dos meses y una ni\u00f1a de cuatro a\u00f1os mientras conduc\u00eda con .33% de alcohol.<\/p>\n<p>El d\u00eda de la vista preliminar el juez determinar\u00e1 si existe causa para juicio y si as\u00ed lo entiende, Manny ser\u00eda citado.<\/p>\n<p>Al ser consultado el abogado criminalista Jos\u00e9 Lozada explic\u00f3 que \u201csi existe prueba para sostener y encontrarlo culpable, entonces la Ley de Tr\u00e1nsito, en el Art\u00edculo 7.02, dispone cu\u00e1l es la pena; si es pena de multa, si es pena de c\u00e1rcel o si son ambas, incluyendo lo que se llama la pena especial\u201d<\/p>\n","protected":false},"excerpt":{"rendered":"<p>PUERTO RICO-Cruz Manuel Hern\u00e1ndez enfrentar\u00e1 la Justicia nuevamente por otro caso de violaci\u00f3n a la Ley de Veh\u00edculos y Tr\u00e1nsito de Puerto Rico, luego de impactar el s\u00e1bado a las 6:26 de la ma\u00f1ana una patrulla de la Polic\u00eda mientras conduc\u00eda en estado de embriaguez, seg\u00fan se publica en una cr\u00f3nica del peri\u00f3dico puertorrique\u00f1o Primera [&hellip;]<\/p>\n","protected":false},"author":8,"featured_media":23425,"comment_status":"open","ping_status":"open","sticky":false,"template":"","format":"standard","meta":{"footnotes":""},"categories":[1,40],"tags":[],"class_list":["post-23424","post","type-post","status-publish","format-standard","has-post-thumbnail","hentry","category-entretenimiento","category-internacionales"],"_links":{"self":[{"href":"https:\/\/2horizontes.com\/index.php?rest_route=\/wp\/v2\/posts\/23424","targetHints":{"allow":["GET"]}}],"collection":[{"href":"https:\/\/2horizontes.com\/index.php?rest_route=\/wp\/v2\/posts"}],"about":[{"href":"https:\/\/2horizontes.com\/index.php?rest_route=\/wp\/v2\/types\/post"}],"author":[{"embeddable":true,"href":"https:\/\/2horizontes.com\/index.php?rest_route=\/wp\/v2\/users\/8"}],"replies":[{"embeddable":true,"href":"https:\/\/2horizontes.com\/index.php?rest_route=%2Fwp%2Fv2%2Fcomments&post=23424"}],"version-history":[{"count":1,"href":"https:\/\/2horizontes.com\/index.php?rest_route=\/wp\/v2\/posts\/23424\/revisions"}],"predecessor-version":[{"id":23428,"href":"https:\/\/2horizontes.com\/index.php?rest_route=\/wp\/v2\/posts\/23424\/revisions\/23428"}],"wp:featuredmedia":[{"embeddable":true,"href":"https:\/\/2horizontes.com\/index.php?rest_route=\/wp\/v2\/media\/23425"}],"wp:attachment":[{"href":"https:\/\/2horizontes.com\/index.php?rest_route=%2Fwp%2Fv2%2Fmedia&parent=23424"}],"wp:term":[{"taxonomy":"category","embeddable":true,"href":"https:\/\/2horizontes.com\/index.php?rest_route=%2Fwp%2Fv2%2Fcategories&post=23424"},{"taxonomy":"post_tag","embeddable":true,"href":"https:\/\/2horizontes.com\/index.php?rest_route=%2Fwp%2Fv2%2Ftags&post=23424"}],"curies":[{"name":"wp","href":"https:\/\/api.w.org\/{rel}","templated":true}]}}