{"id":23411,"date":"2015-09-08T14:48:44","date_gmt":"2015-09-08T13:48:44","guid":{"rendered":"http:\/\/2horizontes.com\/?p=23411"},"modified":"2015-09-08T14:48:44","modified_gmt":"2015-09-08T13:48:44","slug":"dos-detenidos-por-matar-de-una-punalada-a-un-joven-de-20-anos-en-torrelaguna","status":"publish","type":"post","link":"https:\/\/2horizontes.com\/?p=23411","title":{"rendered":"Dos detenidos por matar de una pu\u00f1alada a un joven de 20 a\u00f1os en Torrelaguna"},"content":{"rendered":"<p>La Guardia Civil ha detenido a dos hombres acusados de haber causado esta madrugada la muerte de un joven de 20 a\u00f1os en Torrelaguna, al norte de la ciudad de Madrid, al que habr\u00edan apu\u00f1alado con un arma blanca durante una reyerta.<\/p>\n<p>Fuentes de la Guardia Civil han indicado que los supuestos autores del homicidio son dos varones de nacionalidad espa\u00f1ola, al igual que la v\u00edctima, y se encuentran detenidos en el cuartel.<\/p>\n<p>Agentes del grupo de Homicidios de Tres Cantos han llevado a cabo el arresto a las 15.30 horas, despu\u00e9s de haber recibido esta ma\u00f1ana un aviso por una reyerta en la v\u00eda p\u00fablica de Torrelaguna, municipio que estos d\u00edas celebra las fiestas patronales.<\/p>\n<p>Los servicios de emergencia de la Comunidad de Madrid recibieron a las 4.30 horas de la pasada madrugada un aviso por un herido de 20 a\u00f1os durante una reyerta en la calle Cava de Torrelaguna. El joven presentaba una herida por arma blanca en el \u00e1rea cardiaca de unos 3 cent\u00edmetros de profundidad.<\/p>\n<p>Inicialmente, el herido fue atendido por el Servicio de Atenci\u00f3n Rural (Sar), que inici\u00f3 las labores de reanimaci\u00f3n cuando ya estaba inconsciente; y a continuaci\u00f3n efectivos del Summa 112 de la Comunidad de Madrid continuaron con la reanimaci\u00f3n cardiopulmonar durante m\u00e1s de 30 minutos.<\/p>\n<p>Finalmente, el equipo m\u00e9dico solo pudo confirmar el fallecimiento del joven.<\/p>\n<p>Cuando los agentes de la Guardia Civil han llegado a la zona se han encontrado al chico, nacido en 1994, muerto a causa de una \u00fanica herida. La investigaci\u00f3n ha conducido a la detenci\u00f3n de dos hombres \u00abde mediana edad\u00bb.<\/p>\n<p>A ra\u00edz del suceso, el Ayuntamiento de Torrelaguna ha emitido un comunicado en el que ha condenado \u00aben\u00e9rgicamente\u00bb el suceso y manifestado su \u00abtotal y absoluta repulsa\u00bb.<\/p>\n<p>\u00abAunque sabemos que no hay nada que pueda apaciguar el dolor de la familia de este joven, la corporaci\u00f3n y los vecinos de Torrelaguna queremos arropar a la familia en este momento de tristeza y enviarles nuestro m\u00e1s profundo p\u00e9same\u00bb, ha expresado el consistorio.<\/p>\n<p>El municipio, una localidad de poco menos de 5.000 habitantes, ha guardado cinco minutos de silencio y ha declarado en un pleno extraordinario dos d\u00edas de luto oficial y la suspensi\u00f3n del encierro programado para hoy a causa de lo sucedido.<\/p>\n<p>La corporaci\u00f3n ha ordenado reanudar esta tarde los festejos programados para no permitir que el homicidio \u00abcondicione el desarrollo normal\u00bb de la vida de la localidad al entender que estar\u00eda \u00abotorgando un protagonismo a los culpables que no se merecen\u00bb.<\/p>\n","protected":false},"excerpt":{"rendered":"<p>La Guardia Civil ha detenido a dos hombres acusados de haber causado esta madrugada la muerte de un joven de 20 a\u00f1os en Torrelaguna, al norte de la ciudad de Madrid, al que habr\u00edan apu\u00f1alado con un arma blanca durante una reyerta. Fuentes de la Guardia Civil han indicado que los supuestos autores del homicidio [&hellip;]<\/p>\n","protected":false},"author":3,"featured_media":23412,"comment_status":"open","ping_status":"open","sticky":false,"template":"","format":"standard","meta":{"footnotes":""},"categories":[85],"tags":[],"class_list":["post-23411","post","type-post","status-publish","format-standard","has-post-thumbnail","hentry","category-espana"],"_links":{"self":[{"href":"https:\/\/2horizontes.com\/index.php?rest_route=\/wp\/v2\/posts\/23411","targetHints":{"allow":["GET"]}}],"collection":[{"href":"https:\/\/2horizontes.com\/index.php?rest_route=\/wp\/v2\/posts"}],"about":[{"href":"https:\/\/2horizontes.com\/index.php?rest_route=\/wp\/v2\/types\/post"}],"author":[{"embeddable":true,"href":"https:\/\/2horizontes.com\/index.php?rest_route=\/wp\/v2\/users\/3"}],"replies":[{"embeddable":true,"href":"https:\/\/2horizontes.com\/index.php?rest_route=%2Fwp%2Fv2%2Fcomments&post=23411"}],"version-history":[{"count":1,"href":"https:\/\/2horizontes.com\/index.php?rest_route=\/wp\/v2\/posts\/23411\/revisions"}],"predecessor-version":[{"id":23413,"href":"https:\/\/2horizontes.com\/index.php?rest_route=\/wp\/v2\/posts\/23411\/revisions\/23413"}],"wp:featuredmedia":[{"embeddable":true,"href":"https:\/\/2horizontes.com\/index.php?rest_route=\/wp\/v2\/media\/23412"}],"wp:attachment":[{"href":"https:\/\/2horizontes.com\/index.php?rest_route=%2Fwp%2Fv2%2Fmedia&parent=23411"}],"wp:term":[{"taxonomy":"category","embeddable":true,"href":"https:\/\/2horizontes.com\/index.php?rest_route=%2Fwp%2Fv2%2Fcategories&post=23411"},{"taxonomy":"post_tag","embeddable":true,"href":"https:\/\/2horizontes.com\/index.php?rest_route=%2Fwp%2Fv2%2Ftags&post=23411"}],"curies":[{"name":"wp","href":"https:\/\/api.w.org\/{rel}","templated":true}]}}