{"id":2335,"date":"2014-09-28T06:25:38","date_gmt":"2014-09-28T06:25:38","guid":{"rendered":"http:\/\/2horizontes.com\/?p=2335"},"modified":"2014-09-28T06:25:38","modified_gmt":"2014-09-28T06:25:38","slug":"danilo-viaja-a-roma-a-cumbre-de-la-fao","status":"publish","type":"post","link":"https:\/\/2horizontes.com\/?p=2335","title":{"rendered":"Danilo viaja a Roma a cumbre de la FAO"},"content":{"rendered":"<p><a href=\"http:\/\/2horizontes.com\/wp-content\/uploads\/2014\/09\/0B82AAE4-1B21-4A05-B83A-B70CBE507F0F.jpg__294__440__CROPz0x294y4401.jpeg\"><img loading=\"lazy\" decoding=\"async\" src=\"http:\/\/2horizontes.com\/wp-content\/uploads\/2014\/09\/0B82AAE4-1B21-4A05-B83A-B70CBE507F0F.jpg__294__440__CROPz0x294y4401.jpeg\" alt=\"0B82AAE4-1B21-4A05-B83A-B70CBE507F0F.jpg__294__440__CROPz0x294y440[1]\" width=\"294\" height=\"166\" class=\"alignleft size-full wp-image-2336\" \/><\/a> Santo Domingo.-El presidente Danilo Medina parti\u00f3 anoche con destino a Roma, Italia, donde participar\u00e1 como orador invitado en la apertura del XXIV Per\u00edodo de Sesiones del Comit\u00e9 de Agricultura de la Organizaci\u00f3n de las Naciones Unidas para la Alimentaci\u00f3n y la Agricultura (FAO).<\/p>\n<p>De acuerdo a un comunicado dado a conocer por la direcci\u00f3n de Comunicaci\u00f3n (DICOM), Medina expondr\u00e1 sobre la metodolog\u00eda y el impacto de las visitas sorpresa que realiza a las zonas rurales de Rep\u00fablica Dominicana cada domingo desde que asumi\u00f3 la primera magistratura del Estado en 2012.<\/p>\n<p>Esta iniciativa es tambi\u00e9n monitoreada por el Programa de las Naciones Unidas para el Desarrollo (PNUD), dado a los efectos positivos que ha generado en la vida de las comunidades rurales.<\/p>\n<p>El mandatario sali\u00f3 a las 8:15 de la noche en vuelo UX 088 de Air Europa, por el Aeropuerto Internacional Las Am\u00e9ricas en compa\u00f1\u00eda de los ministros Jos\u00e9 Ram\u00f3n Peralta, Gustavo Montalvo, \u00c1ngel Est\u00e9vez, as\u00ed como por Antonio L\u00f3pez; director del  Fondo de Desarrollo Agropecuario (FEDA), Carlos Pared P\u00e9rez y el mayor general Alam C\u00e1ceres.<\/p>\n<p>A su salida fue despedido por la vicepresidenta Margarita Cede\u00f1o de Fern\u00e1ndez y y el ministro de Defensa, teniente coronel William Mu\u00f1oz Delgado.<\/p>\n<p>Danilo Medina llegar\u00e1 el domingo 28 en horas de tarde a Roma.<\/p>\n<p>El jefe de Estado expondr\u00e1 el lunes, a las 10:00 de la ma\u00f1ana, hora de Roma; 4:30 de la madrugada en Rep\u00fablica Dominicana. El discurso podr\u00e1 ser seguido en vivo, a trav\u00e9s de las p\u00e1ginas web de la Presidencia de la Rep\u00fablica Dominicana www.presidencia.gob.do y de la FAO,http:\/\/www.fao.org\/webcast.<\/p>\n<p>Durante su estad\u00eda en Roma el gobernante tambi\u00e9n se reunir\u00e1 con inversionistas italianos.<\/p>\n<p>De acuerdo a DICOM, Medina regresar\u00e1 a la Rep\u00fablica Dominicana el mi\u00e9rcoles primero de octubre.<br \/>\nF. List\u00edn Diario.<\/p>\n","protected":false},"excerpt":{"rendered":"<p>Santo Domingo.-El presidente Danilo Medina parti\u00f3 anoche con destino a Roma, Italia, donde participar\u00e1 como orador invitado en la apertura del XXIV Per\u00edodo de Sesiones del Comit\u00e9 de Agricultura de la Organizaci\u00f3n de las Naciones Unidas para la Alimentaci\u00f3n y la Agricultura (FAO). De acuerdo a un comunicado dado a conocer por la direcci\u00f3n de [&hellip;]<\/p>\n","protected":false},"author":1,"featured_media":0,"comment_status":"open","ping_status":"open","sticky":false,"template":"","format":"standard","meta":{"footnotes":""},"categories":[1],"tags":[],"class_list":["post-2335","post","type-post","status-publish","format-standard","hentry","category-entretenimiento"],"_links":{"self":[{"href":"https:\/\/2horizontes.com\/index.php?rest_route=\/wp\/v2\/posts\/2335","targetHints":{"allow":["GET"]}}],"collection":[{"href":"https:\/\/2horizontes.com\/index.php?rest_route=\/wp\/v2\/posts"}],"about":[{"href":"https:\/\/2horizontes.com\/index.php?rest_route=\/wp\/v2\/types\/post"}],"author":[{"embeddable":true,"href":"https:\/\/2horizontes.com\/index.php?rest_route=\/wp\/v2\/users\/1"}],"replies":[{"embeddable":true,"href":"https:\/\/2horizontes.com\/index.php?rest_route=%2Fwp%2Fv2%2Fcomments&post=2335"}],"version-history":[{"count":2,"href":"https:\/\/2horizontes.com\/index.php?rest_route=\/wp\/v2\/posts\/2335\/revisions"}],"predecessor-version":[{"id":2338,"href":"https:\/\/2horizontes.com\/index.php?rest_route=\/wp\/v2\/posts\/2335\/revisions\/2338"}],"wp:attachment":[{"href":"https:\/\/2horizontes.com\/index.php?rest_route=%2Fwp%2Fv2%2Fmedia&parent=2335"}],"wp:term":[{"taxonomy":"category","embeddable":true,"href":"https:\/\/2horizontes.com\/index.php?rest_route=%2Fwp%2Fv2%2Fcategories&post=2335"},{"taxonomy":"post_tag","embeddable":true,"href":"https:\/\/2horizontes.com\/index.php?rest_route=%2Fwp%2Fv2%2Ftags&post=2335"}],"curies":[{"name":"wp","href":"https:\/\/api.w.org\/{rel}","templated":true}]}}