{"id":23338,"date":"2015-09-08T04:03:33","date_gmt":"2015-09-08T03:03:33","guid":{"rendered":"http:\/\/2horizontes.com\/?p=23338"},"modified":"2015-09-08T04:03:33","modified_gmt":"2015-09-08T03:03:33","slug":"apresan-presidente-cabildo-ocoa-por-quemar-miles-de-arboles","status":"publish","type":"post","link":"https:\/\/2horizontes.com\/?p=23338","title":{"rendered":"Apresan presidente cabildo Ocoa por quemar miles de \u00e1rboles"},"content":{"rendered":"<p><span lang=\"ES-TRAD\">RD-SAN JOSE DE OCOA.- El Ministerio de Medio Ambiente y Recursos Naturales inform\u00f3 este lunes el apresamiento y sometimiento a la justicia del presidente de la Sala Capitular de San Jos\u00e9 de Ocoa, \u00c1ngel Bol\u00edvar D\u00edaz, por quemar alrededor de 3 mil \u00a0tareas de tierra sembradas de \u00e1rboles en la comunidad Las Espinas.<\/span><\/p>\n<p><span lang=\"ES-TRAD\">La entidad oficial calkific\u00f3 de \u201cacci\u00f3n criminal\u201d la quema de miles de tareas de \u00e1rboles de las especies pino y sabina para dar paso a siembras de guandul. \u00a0 \u00a0<\/span><\/p>\n<p>Medio Ambiente advirti\u00f3 que actuar\u00e1 con mano dura y sin contemplaciones ante todos aquellos desaprensivos que se dedican a producir incendios, depredaciones\u00a0 y otras malas pr\u00e1cticas en esos escenarios ecol\u00f3gicos.<\/p>\n<p><span lang=\"ES-TRAD\">Explica que a trav\u00e9s del Servicio Nacional de Protecci\u00f3n Ambiental (SENPA) la instituci\u00f3n ha mantenido una estricta vigilancia en las \u00e1reas protegidas\u00a0 y parques nacionales\u00a0 en toda la geograf\u00eda nacional pero que a\u00fan as\u00ed los desaprensivos se las ingenian para cometer sus il\u00edcitos ambientales.<\/span><\/p>\n","protected":false},"excerpt":{"rendered":"<p>RD-SAN JOSE DE OCOA.- El Ministerio de Medio Ambiente y Recursos Naturales inform\u00f3 este lunes el apresamiento y sometimiento a la justicia del presidente de la Sala Capitular de San Jos\u00e9 de Ocoa, \u00c1ngel Bol\u00edvar D\u00edaz, por quemar alrededor de 3 mil \u00a0tareas de tierra sembradas de \u00e1rboles en la comunidad Las Espinas. La entidad [&hellip;]<\/p>\n","protected":false},"author":8,"featured_media":23339,"comment_status":"open","ping_status":"open","sticky":false,"template":"","format":"standard","meta":{"footnotes":""},"categories":[53,44],"tags":[],"class_list":["post-23338","post","type-post","status-publish","format-standard","has-post-thumbnail","hentry","category-provincias","category-republica-dominicana"],"_links":{"self":[{"href":"https:\/\/2horizontes.com\/index.php?rest_route=\/wp\/v2\/posts\/23338","targetHints":{"allow":["GET"]}}],"collection":[{"href":"https:\/\/2horizontes.com\/index.php?rest_route=\/wp\/v2\/posts"}],"about":[{"href":"https:\/\/2horizontes.com\/index.php?rest_route=\/wp\/v2\/types\/post"}],"author":[{"embeddable":true,"href":"https:\/\/2horizontes.com\/index.php?rest_route=\/wp\/v2\/users\/8"}],"replies":[{"embeddable":true,"href":"https:\/\/2horizontes.com\/index.php?rest_route=%2Fwp%2Fv2%2Fcomments&post=23338"}],"version-history":[{"count":1,"href":"https:\/\/2horizontes.com\/index.php?rest_route=\/wp\/v2\/posts\/23338\/revisions"}],"predecessor-version":[{"id":23340,"href":"https:\/\/2horizontes.com\/index.php?rest_route=\/wp\/v2\/posts\/23338\/revisions\/23340"}],"wp:featuredmedia":[{"embeddable":true,"href":"https:\/\/2horizontes.com\/index.php?rest_route=\/wp\/v2\/media\/23339"}],"wp:attachment":[{"href":"https:\/\/2horizontes.com\/index.php?rest_route=%2Fwp%2Fv2%2Fmedia&parent=23338"}],"wp:term":[{"taxonomy":"category","embeddable":true,"href":"https:\/\/2horizontes.com\/index.php?rest_route=%2Fwp%2Fv2%2Fcategories&post=23338"},{"taxonomy":"post_tag","embeddable":true,"href":"https:\/\/2horizontes.com\/index.php?rest_route=%2Fwp%2Fv2%2Ftags&post=23338"}],"curies":[{"name":"wp","href":"https:\/\/api.w.org\/{rel}","templated":true}]}}