{"id":2331,"date":"2014-09-26T13:25:07","date_gmt":"2014-09-26T13:25:07","guid":{"rendered":"http:\/\/2horizontes.com\/?p=2331"},"modified":"2014-09-26T13:25:07","modified_gmt":"2014-09-26T13:25:07","slug":"ratifica-convenio-foro-ecofin-por-olmedo-pineda","status":"publish","type":"post","link":"https:\/\/2horizontes.com\/?p=2331","title":{"rendered":"Ratifica convenio Foro Ecofin Por OLMEDO PINEDA"},"content":{"rendered":"<p><a href=\"http:\/\/2horizontes.com\/wp-content\/uploads\/2014\/09\/bb1.jpg\"><img loading=\"lazy\" decoding=\"async\" src=\"http:\/\/2horizontes.com\/wp-content\/uploads\/2014\/09\/bb1-300x246.jpg\" alt=\"bb\" width=\"300\" height=\"246\" class=\"alignleft size-medium wp-image-2332\" srcset=\"https:\/\/2horizontes.com\/wp-content\/uploads\/2014\/09\/bb1-300x246.jpg 300w, https:\/\/2horizontes.com\/wp-content\/uploads\/2014\/09\/bb1-510x419.jpg 510w, https:\/\/2horizontes.com\/wp-content\/uploads\/2014\/09\/bb1-624x513.jpg 624w, https:\/\/2horizontes.com\/wp-content\/uploads\/2014\/09\/bb1.jpg 648w\" sizes=\"auto, (max-width: 300px) 100vw, 300px\" \/><\/a><\/p>\n<p>Madrid, Espa\u00f1a.- El Consulado General de laRep\u00fablica Dominicana y el Foro de Econom\u00eda y Finanzas de Espa\u00f1a(ECOFIN) ratificaron un convenio de colaboraci\u00f3n que foment\u00e1 el intercambio empresarial, comercial e inversiones entre ambos pa\u00edses.<br \/>\nRubricaron Juan Cuevas F\u00e9liz, consul dominicano en Madrid, y Salvador Molina, presidente del Foro de Econom\u00eda y Finanzas de Espa\u00f1a.<br \/>\nF\u00e9liz calific\u00f3 el convenio como \u00abun paso importante\u00bb, debido a la estrecha vinculaci\u00f3n con la inversi\u00f3n espa\u00f1ola y la apertura de nuevos mercados internacionales para la Rep\u00fablica Dominicana.<br \/>\njt\/am<\/p>\n","protected":false},"excerpt":{"rendered":"<p>Madrid, Espa\u00f1a.- El Consulado General de laRep\u00fablica Dominicana y el Foro de Econom\u00eda y Finanzas de Espa\u00f1a(ECOFIN) ratificaron un convenio de colaboraci\u00f3n que foment\u00e1 el intercambio empresarial, comercial e inversiones entre ambos pa\u00edses. Rubricaron Juan Cuevas F\u00e9liz, consul dominicano en Madrid, y Salvador Molina, presidente del Foro de Econom\u00eda y Finanzas de Espa\u00f1a. F\u00e9liz calific\u00f3 [&hellip;]<\/p>\n","protected":false},"author":1,"featured_media":0,"comment_status":"open","ping_status":"open","sticky":false,"template":"","format":"standard","meta":{"footnotes":""},"categories":[1],"tags":[],"class_list":["post-2331","post","type-post","status-publish","format-standard","hentry","category-entretenimiento"],"_links":{"self":[{"href":"https:\/\/2horizontes.com\/index.php?rest_route=\/wp\/v2\/posts\/2331","targetHints":{"allow":["GET"]}}],"collection":[{"href":"https:\/\/2horizontes.com\/index.php?rest_route=\/wp\/v2\/posts"}],"about":[{"href":"https:\/\/2horizontes.com\/index.php?rest_route=\/wp\/v2\/types\/post"}],"author":[{"embeddable":true,"href":"https:\/\/2horizontes.com\/index.php?rest_route=\/wp\/v2\/users\/1"}],"replies":[{"embeddable":true,"href":"https:\/\/2horizontes.com\/index.php?rest_route=%2Fwp%2Fv2%2Fcomments&post=2331"}],"version-history":[{"count":1,"href":"https:\/\/2horizontes.com\/index.php?rest_route=\/wp\/v2\/posts\/2331\/revisions"}],"predecessor-version":[{"id":2333,"href":"https:\/\/2horizontes.com\/index.php?rest_route=\/wp\/v2\/posts\/2331\/revisions\/2333"}],"wp:attachment":[{"href":"https:\/\/2horizontes.com\/index.php?rest_route=%2Fwp%2Fv2%2Fmedia&parent=2331"}],"wp:term":[{"taxonomy":"category","embeddable":true,"href":"https:\/\/2horizontes.com\/index.php?rest_route=%2Fwp%2Fv2%2Fcategories&post=2331"},{"taxonomy":"post_tag","embeddable":true,"href":"https:\/\/2horizontes.com\/index.php?rest_route=%2Fwp%2Fv2%2Ftags&post=2331"}],"curies":[{"name":"wp","href":"https:\/\/api.w.org\/{rel}","templated":true}]}}