{"id":23300,"date":"2015-09-07T17:36:46","date_gmt":"2015-09-07T16:36:46","guid":{"rendered":"http:\/\/2horizontes.com\/?p=23300"},"modified":"2015-09-07T17:36:46","modified_gmt":"2015-09-07T16:36:46","slug":"el-lider-del-partido-de-la-libertad-de-austria-fpo-pide-que-se-deje-pasar-a-los-refugiados-cristianos-pero-no-a-los-musulmanes","status":"publish","type":"post","link":"https:\/\/2horizontes.com\/?p=23300","title":{"rendered":"El l\u00edder del Partido de la Libertad de Austria (FPO) pide que se deje pasar a los refugiados cristianos, pero no a los musulmanes"},"content":{"rendered":"<p>El l\u00edder del Partido de la Libertad de Austria (FPO), Heinz-Christian Strache, ha pedido el levantamiento de una vallla con patrullas militares en la frontera oriental del pa\u00eds, que lo separa de Hungr\u00eda.<\/p>\n<p>Adem\u00e1s, Strache ha defendido que se deje pasar a los inmigrantes y refugiados cristianos, pero no a los musulmanes. \u201cNo queremos que Europa se islamice. No queremos que muera nuestra cultura cristiano-occidental\u201d, ha afirmado en declaraciones a la televisi\u00f3n p\u00fablica austriaca, ORF.<\/p>\n<p>Strache ha responsabilizado del flujo migratorio a Estados Unidos y a la OTAN por los ataques a pa\u00edses como Siria, Irak o Afganist\u00e1n. \u201cEstados Unidos y la OTAN han destruido Irak y Libia con su intervenci\u00f3n militar, sus bombas y sus misiles. Han dado apoyo econ\u00f3mico, log\u00edstico y militara la oposici\u00f3n al presidente (Bashar) Al Assad en Siria y as\u00ed han posiblitado la destrucci\u00f3n, el caos, el sufrimiento y el islamismo radical en la \u2026<\/p>\n<p>\u201cEstados Unidos lleva d\u00e9cadas provocando incendios en Oriente Pr\u00f3ximo y despu\u00e9s tiene la desfachatez de atribuir a Europa la responsabilidad del flujo de refugiados\u201d, ha a\u00f1adido.<\/p>\n<p>El FPO aventaja ligeramente al Partido Socialdem\u00f3crata y al Partido Popular en las encuestas, aunque no se renueva el Parlamento hasta 2018. Sin embargo, el mes que viene hay elecciones locales y Strache es el candidato a la Alcald\u00eda de Viena.<\/p>\n<p>ALERTA DIGITAL<\/p>\n","protected":false},"excerpt":{"rendered":"<p>El l\u00edder del Partido de la Libertad de Austria (FPO), Heinz-Christian Strache, ha pedido el levantamiento de una vallla con patrullas militares en la frontera oriental del pa\u00eds, que lo separa de Hungr\u00eda. Adem\u00e1s, Strache ha defendido que se deje pasar a los inmigrantes y refugiados cristianos, pero no a los musulmanes. \u201cNo queremos que [&hellip;]<\/p>\n","protected":false},"author":8,"featured_media":23301,"comment_status":"open","ping_status":"open","sticky":false,"template":"","format":"standard","meta":{"footnotes":""},"categories":[85,86,40,43],"tags":[],"class_list":["post-23300","post","type-post","status-publish","format-standard","has-post-thumbnail","hentry","category-espana","category-europa","category-internacionales","category-politica"],"_links":{"self":[{"href":"https:\/\/2horizontes.com\/index.php?rest_route=\/wp\/v2\/posts\/23300","targetHints":{"allow":["GET"]}}],"collection":[{"href":"https:\/\/2horizontes.com\/index.php?rest_route=\/wp\/v2\/posts"}],"about":[{"href":"https:\/\/2horizontes.com\/index.php?rest_route=\/wp\/v2\/types\/post"}],"author":[{"embeddable":true,"href":"https:\/\/2horizontes.com\/index.php?rest_route=\/wp\/v2\/users\/8"}],"replies":[{"embeddable":true,"href":"https:\/\/2horizontes.com\/index.php?rest_route=%2Fwp%2Fv2%2Fcomments&post=23300"}],"version-history":[{"count":1,"href":"https:\/\/2horizontes.com\/index.php?rest_route=\/wp\/v2\/posts\/23300\/revisions"}],"predecessor-version":[{"id":23303,"href":"https:\/\/2horizontes.com\/index.php?rest_route=\/wp\/v2\/posts\/23300\/revisions\/23303"}],"wp:featuredmedia":[{"embeddable":true,"href":"https:\/\/2horizontes.com\/index.php?rest_route=\/wp\/v2\/media\/23301"}],"wp:attachment":[{"href":"https:\/\/2horizontes.com\/index.php?rest_route=%2Fwp%2Fv2%2Fmedia&parent=23300"}],"wp:term":[{"taxonomy":"category","embeddable":true,"href":"https:\/\/2horizontes.com\/index.php?rest_route=%2Fwp%2Fv2%2Fcategories&post=23300"},{"taxonomy":"post_tag","embeddable":true,"href":"https:\/\/2horizontes.com\/index.php?rest_route=%2Fwp%2Fv2%2Ftags&post=23300"}],"curies":[{"name":"wp","href":"https:\/\/api.w.org\/{rel}","templated":true}]}}