{"id":23293,"date":"2015-09-07T17:24:40","date_gmt":"2015-09-07T16:24:40","guid":{"rendered":"http:\/\/2horizontes.com\/?p=23293"},"modified":"2015-09-07T17:26:37","modified_gmt":"2015-09-07T16:26:37","slug":"perea-vuelve-al-atletico-de-madrid","status":"publish","type":"post","link":"https:\/\/2horizontes.com\/?p=23293","title":{"rendered":"Perea vuelve al Atl\u00e9tico de Madrid"},"content":{"rendered":"<p>Luis Amaranto Perea dej\u00f3 las filas del Atl\u00e9tico de Madrid en 2012, siendo el jugador extranjero que m\u00e1s veces ha vestido la camiseta rojiblanca en la historia del club. Tras su etapa en Espa\u00f1a, milit\u00f3 2 temporadas en las filas delCruz Azul mexicano, donde finalmente se retirar\u00eda a la edad de 36 a\u00f1os.<\/p>\n<p>El ya ex-jugador colombiano ha decidido que desea convertirse en entrenador profesional, tras una grave lesi\u00f3n que le oblig\u00f3 finalmente a la retirada profesional.<\/p>\n<p>Es por ello que ya ha iniciado los tr\u00e1mites para convertirse pr\u00f3ximamente en entrenador, y ha contactado con su ex-equipo, Atl\u00e9tico, para realizar en sus filas las futuras pr\u00e1cticas que le obligar\u00e1n para certificar de forma oficial sus nuevos galones, ahora desde la banda.<\/p>\n<p>El Atl\u00e9tico de Madrid es uno de los clubes m\u00e1s respetados del f\u00fatbol actual, con una de las mejores plantillas del viejo continente y, sin duda, ser\u00e1 un buen club para que Perea realice sus pr\u00e1cticas como entrenador profesional.<\/p>\n<p>El colombiano volver\u00e1 a la que fue su casa durante 8 temporadas, donde entr\u00f3 en el &#8216;Hall de la Fama&#8217; por sus estad\u00edsticas deportivas, y donde aprender\u00e1 de primera mano la exitosa metodolog\u00eda que realiza Simeone, junto al resto de staff t\u00e9cnico, para conseguir el mayor \u00e9xito en el club rojiblanco.<\/p>\n","protected":false},"excerpt":{"rendered":"<p>Luis Amaranto Perea dej\u00f3 las filas del Atl\u00e9tico de Madrid en 2012, siendo el jugador extranjero que m\u00e1s veces ha vestido la camiseta rojiblanca en la historia del club. Tras su etapa en Espa\u00f1a, milit\u00f3 2 temporadas en las filas delCruz Azul mexicano, donde finalmente se retirar\u00eda a la edad de 36 a\u00f1os. El ya [&hellip;]<\/p>\n","protected":false},"author":3,"featured_media":23294,"comment_status":"open","ping_status":"open","sticky":false,"template":"","format":"standard","meta":{"footnotes":""},"categories":[42],"tags":[],"class_list":["post-23293","post","type-post","status-publish","format-standard","has-post-thumbnail","hentry","category-deportes"],"_links":{"self":[{"href":"https:\/\/2horizontes.com\/index.php?rest_route=\/wp\/v2\/posts\/23293","targetHints":{"allow":["GET"]}}],"collection":[{"href":"https:\/\/2horizontes.com\/index.php?rest_route=\/wp\/v2\/posts"}],"about":[{"href":"https:\/\/2horizontes.com\/index.php?rest_route=\/wp\/v2\/types\/post"}],"author":[{"embeddable":true,"href":"https:\/\/2horizontes.com\/index.php?rest_route=\/wp\/v2\/users\/3"}],"replies":[{"embeddable":true,"href":"https:\/\/2horizontes.com\/index.php?rest_route=%2Fwp%2Fv2%2Fcomments&post=23293"}],"version-history":[{"count":2,"href":"https:\/\/2horizontes.com\/index.php?rest_route=\/wp\/v2\/posts\/23293\/revisions"}],"predecessor-version":[{"id":23298,"href":"https:\/\/2horizontes.com\/index.php?rest_route=\/wp\/v2\/posts\/23293\/revisions\/23298"}],"wp:featuredmedia":[{"embeddable":true,"href":"https:\/\/2horizontes.com\/index.php?rest_route=\/wp\/v2\/media\/23294"}],"wp:attachment":[{"href":"https:\/\/2horizontes.com\/index.php?rest_route=%2Fwp%2Fv2%2Fmedia&parent=23293"}],"wp:term":[{"taxonomy":"category","embeddable":true,"href":"https:\/\/2horizontes.com\/index.php?rest_route=%2Fwp%2Fv2%2Fcategories&post=23293"},{"taxonomy":"post_tag","embeddable":true,"href":"https:\/\/2horizontes.com\/index.php?rest_route=%2Fwp%2Fv2%2Ftags&post=23293"}],"curies":[{"name":"wp","href":"https:\/\/api.w.org\/{rel}","templated":true}]}}