{"id":23290,"date":"2015-09-07T17:22:26","date_gmt":"2015-09-07T16:22:26","guid":{"rendered":"http:\/\/2horizontes.com\/?p=23290"},"modified":"2015-09-07T17:27:25","modified_gmt":"2015-09-07T16:27:25","slug":"asociacion-de-parados-de-castellon-se-necesitan-urgente-8-personas-para-campana-de-la-mandarina-abstenerse-espanoles","status":"publish","type":"post","link":"https:\/\/2horizontes.com\/?p=23290","title":{"rendered":"Asociaci\u00f3n de Parados de Castell\u00f3n: \u201cSe necesitan urgente 8 personas para campa\u00f1a de la mandarina. Abstenerse espa\u00f1oles\u201d"},"content":{"rendered":"<p>Son ya muchos los casos de entidades y organismos p\u00fablicos y privados que conceden privilegios a inmigrantes y discriminan a los espa\u00f1oles. Eso es lo que hace la Asociaci\u00f3n de Parados de Castell\u00f3n, subvencionada con dinero p\u00fablico, que\u00a0canaliza las ofertas\u00a0de empleo de numerosas empresas y las hace p\u00fablicas en las redes sociales.<\/p>\n<p>Numerosos lectores han mostrado su indignaci\u00f3n y perplejidad ante la ins\u00f3lita oferta anunciada en Facebook por la citada asociaci\u00f3n y que est\u00e1 relacionada con la campa\u00f1a de la mandarina 2014-2015. Aunque la noticia tiene fecha de diciembre de 2014, es ahora cuando ha trascendido al ser hecha p\u00fablica por dichos lectores.<\/p>\n<p>En el anuncio se especifica que la oferta va s\u00f3lo dirigida a extranjeros y se insta a los espa\u00f1oles a \u201cabstenerse\u201d. Incluso aparece un tel\u00e9fono de contacto (744462400) para los interesados en el empleo. Eso s\u00ed, con la condici\u00f3n de que no sean espa\u00f1oles. Vivir para ver.<\/p>\n<p>Lo que no nos dicen es por qu\u00e9 siendo el Empleo un derecho reconocido hasta en la propia Constituci\u00f3n, se establecen discriminaciones para el acceso a\u00a0un puesto de trabajo dependiendo de la nacionalidad del trabajador.<\/p>\n<p>\u00bfPor qu\u00e9 se discrimina a los espa\u00f1oles sin que las autoridades competentes tomen cartas en el asunto? \u00bfPor qu\u00e9 no act\u00faa la Fiscal\u00eda del odio con la misma rotundidad que lo hace cuando supuestamente son menoscabados los intereses de los de fuera? \u00bfPor qu\u00e9 callan los sindicatos ante una tan clara violaci\u00f3n de los derechos de los trabajadores aut\u00f3ctonos? \u00bfSupone esta ins\u00f3lita e infame propuesta de empleo la constataci\u00f3n de que a los espa\u00f1oles les ha sido asignado el papel de parias en su propia tierra?<\/p>\n<p>ALERTA DIGITAL<\/p>\n","protected":false},"excerpt":{"rendered":"<p>Son ya muchos los casos de entidades y organismos p\u00fablicos y privados que conceden privilegios a inmigrantes y discriminan a los espa\u00f1oles. Eso es lo que hace la Asociaci\u00f3n de Parados de Castell\u00f3n, subvencionada con dinero p\u00fablico, que\u00a0canaliza las ofertas\u00a0de empleo de numerosas empresas y las hace p\u00fablicas en las redes sociales. Numerosos lectores han [&hellip;]<\/p>\n","protected":false},"author":8,"featured_media":23291,"comment_status":"open","ping_status":"open","sticky":false,"template":"","format":"standard","meta":{"footnotes":""},"categories":[85,86,40],"tags":[],"class_list":["post-23290","post","type-post","status-publish","format-standard","has-post-thumbnail","hentry","category-espana","category-europa","category-internacionales"],"_links":{"self":[{"href":"https:\/\/2horizontes.com\/index.php?rest_route=\/wp\/v2\/posts\/23290","targetHints":{"allow":["GET"]}}],"collection":[{"href":"https:\/\/2horizontes.com\/index.php?rest_route=\/wp\/v2\/posts"}],"about":[{"href":"https:\/\/2horizontes.com\/index.php?rest_route=\/wp\/v2\/types\/post"}],"author":[{"embeddable":true,"href":"https:\/\/2horizontes.com\/index.php?rest_route=\/wp\/v2\/users\/8"}],"replies":[{"embeddable":true,"href":"https:\/\/2horizontes.com\/index.php?rest_route=%2Fwp%2Fv2%2Fcomments&post=23290"}],"version-history":[{"count":1,"href":"https:\/\/2horizontes.com\/index.php?rest_route=\/wp\/v2\/posts\/23290\/revisions"}],"predecessor-version":[{"id":23292,"href":"https:\/\/2horizontes.com\/index.php?rest_route=\/wp\/v2\/posts\/23290\/revisions\/23292"}],"wp:featuredmedia":[{"embeddable":true,"href":"https:\/\/2horizontes.com\/index.php?rest_route=\/wp\/v2\/media\/23291"}],"wp:attachment":[{"href":"https:\/\/2horizontes.com\/index.php?rest_route=%2Fwp%2Fv2%2Fmedia&parent=23290"}],"wp:term":[{"taxonomy":"category","embeddable":true,"href":"https:\/\/2horizontes.com\/index.php?rest_route=%2Fwp%2Fv2%2Fcategories&post=23290"},{"taxonomy":"post_tag","embeddable":true,"href":"https:\/\/2horizontes.com\/index.php?rest_route=%2Fwp%2Fv2%2Ftags&post=23290"}],"curies":[{"name":"wp","href":"https:\/\/api.w.org\/{rel}","templated":true}]}}